{"id":101976,"date":"2021-12-06T16:58:21","date_gmt":"2021-12-06T19:58:21","guid":{"rendered":"https:\/\/eldiariodesanpedro.com.ar\/sitio\/?p=101976"},"modified":"2021-12-06T16:58:22","modified_gmt":"2021-12-06T19:58:22","slug":"36-edicion-de-los-paulinos-del-club-nautico-san-pedro","status":"publish","type":"post","link":"https:\/\/eldiariodesanpedro.com.ar\/sitio\/36-edicion-de-los-paulinos-del-club-nautico-san-pedro\/","title":{"rendered":"36\u00b0 edici\u00f3n de los Paulinos del Club N\u00e1utico San Pedro"},"content":{"rendered":"<!-- VideographyWP Plugin Message: Automatic video embedding prevented by plugin options. -->\n\n<p>El Club N\u00e1utico San Pedro volvi\u00f3 a entregar sus tradicionales premios \u201cPaulino\u201d a los deportistas destacados en cada una de sus disciplinas federadas, junto a reconocimientos individuales y grupales a cada una de las actividades que forman parte de la instituci\u00f3n.<\/p>\n\n\n\n<p>En el sector de Punta Pavita, con el Club Viejo recientemente restaurado como fondo de escenario, la ceremonia se inici\u00f3 con una revisi\u00f3n de los dos a\u00f1os transcurridos desde la \u00faltima entrega en 2019.<\/p>\n\n\n\n<p>El Comodoro Marcos Arana, el Vice comodoro Mauricio Gugger y el Director de Deportes Guillermo Vel\u00e1zquez se refirieron a los distintos aspectos que atravesaron la pandemia, la suspensi\u00f3n de actividades y el regreso, destacando la gran cantidad de obras que se han realizado durante los \u00faltimos meses, de cara a la pr\u00f3xima temporada.<\/p>\n\n\n\n<p>Se entregaron reconocimientos a los campeones de f\u00fatbol, concurrentes a clases de gimnasia para adultos, yoga y pr\u00e1cticas som\u00e1ticas, egresados de la escuela de estimulaci\u00f3n acu\u00e1tica \u201cAl Agua Pato\u201d y a representantes individuales y planteles de voleibol, tenis, b\u00e1squetbol, maxi v\u00f3ley femenino, hockey, nataci\u00f3n, canotaje y yachting en sus diferentes clases.<\/p>\n\n\n\n<p>La Menci\u00f3n Especial Capit\u00e1n Monteverde fue para el Encuentro Nacional de Escuelitas de Optimist que cumpli\u00f3 20 a\u00f1os y el Comodoro Marcos Arana junto al Secretario de Gobierno Pablo Vlaeminck y al Director de Deportes de la Municipalidad Mariano Arnal, se lo entregaron en un emotivo momento al hist\u00f3rico entrenador Nano Luppi, protagonista de la gestaci\u00f3n y del crecimiento de este gran evento que se organiza en el Club junto a la Asociaci\u00f3n Argentina de Optimist.<\/p>\n\n\n\n<p>En el encuentro tambi\u00e9n se rindi\u00f3 homenaje a todo el personal de salud y se record\u00f3 especialmente Cachi Paz y Rodolfo Benvenutto, empleados de la instituci\u00f3n que fallecieron durante la Pandemia.<\/p>\n\n\n\n<p>TERNAS y GANADORES 36\u00b0 edici\u00f3n de los Paulinos del Club N\u00e1utico San Pedro<\/p>\n\n\n\n<p>Los ternados fueron presentados en videos con testimonios de los entrenadores y representantes de la Comisi\u00f3n Directiva tuvieron a su cargo la entrega de los Paulinos 2021.<\/p>\n\n\n\n<p>HOCKEY<br>Catalina Mallo \u2013 Antonella Morresi \u2013 Renata Noseda<br>PAULINO 2021: Renata Noseda<\/p>\n\n\n\n<p>NATACION<br>Amparo Guardia \u2013 Ana Yeri \u2013 Joaqu\u00edn Murlaas<br>PAULINO 2021: Ana Yeri<\/p>\n\n\n\n<p>VOLEIBOL<br>Valentina Grabovieski \u2013 Bautista Paz \u2013 Nazareno Massaglia<br>PAULINO 2021: Nazareno Massaglia<\/p>\n\n\n\n<p>CANOTAJE<br>Diego L\u00f3pez \u2013 Juli\u00e1n S\u00e1nchez Negrete \u2013 Emilio Porta<br>PAULINO 2021: Emilio Porta<\/p>\n\n\n\n<p>BASQUETBOL<br>Manuel S\u00e1nchez Rodrigo Bravo Agostina De Rosa<br>PAULINO 2021: Rodrigo Bravo<\/p>\n\n\n\n<p>TENIS<br>M\u00e1ximo Ya\u00f1ez \u2013 Bautista Bonafina \u2013 Vicente Ya\u00f1ez<br>PAULINO 2021: M\u00e1ximo Ya\u00f1ez<\/p>\n\n\n\n<p>OPTIMIST<br>Francina Paz \u2013 Delfina Kuttel \u2013 Francisco G\u00f3mez<br>PAULINO 2021: Francina Paz y Francisco G\u00f3mez (Compartido)<\/p>\n\n\n\n<figure class=\"wp-block-image size-full\"><img decoding=\"async\" width=\"945\" height=\"630\" data-attachment-id=\"101979\" data-permalink=\"https:\/\/eldiariodesanpedro.com.ar\/sitio\/36-edicion-de-los-paulinos-del-club-nautico-san-pedro\/264118480_2061599233991082_7644399208785703022_n\/\" data-orig-file=\"https:\/\/eldiariodesanpedro.com.ar\/sitio\/wp-content\/uploads\/2021\/12\/264118480_2061599233991082_7644399208785703022_n.jpg\" data-orig-size=\"945,630\" data-comments-opened=\"0\" data-image-meta=\"{&quot;aperture&quot;:&quot;0&quot;,&quot;credit&quot;:&quot;&quot;,&quot;camera&quot;:&quot;&quot;,&quot;caption&quot;:&quot;&quot;,&quot;created_timestamp&quot;:&quot;0&quot;,&quot;copyright&quot;:&quot;www.alfredorisso.com&quot;,&quot;focal_length&quot;:&quot;0&quot;,&quot;iso&quot;:&quot;0&quot;,&quot;shutter_speed&quot;:&quot;0&quot;,&quot;title&quot;:&quot;&quot;,&quot;orientation&quot;:&quot;0&quot;}\" data-image-title=\"264118480_2061599233991082_7644399208785703022_n\" data-image-description=\"\" data-image-caption=\"\" data-large-file=\"https:\/\/eldiariodesanpedro.com.ar\/sitio\/wp-content\/uploads\/2021\/12\/264118480_2061599233991082_7644399208785703022_n.jpg\" data-src=\"https:\/\/eldiariodesanpedro.com.ar\/sitio\/wp-content\/uploads\/2021\/12\/264118480_2061599233991082_7644399208785703022_n.jpg\" alt=\"\" class=\"wp-image-101979 lazyload\" data-srcset=\"https:\/\/eldiariodesanpedro.com.ar\/sitio\/wp-content\/uploads\/2021\/12\/264118480_2061599233991082_7644399208785703022_n.jpg 945w, https:\/\/eldiariodesanpedro.com.ar\/sitio\/wp-content\/uploads\/2021\/12\/264118480_2061599233991082_7644399208785703022_n-300x200.jpg 300w, https:\/\/eldiariodesanpedro.com.ar\/sitio\/wp-content\/uploads\/2021\/12\/264118480_2061599233991082_7644399208785703022_n-768x512.jpg 768w\" data-sizes=\"(max-width: 945px) 100vw, 945px\" src=\"data:image\/svg+xml;base64,PHN2ZyB3aWR0aD0iMSIgaGVpZ2h0PSIxIiB4bWxucz0iaHR0cDovL3d3dy53My5vcmcvMjAwMC9zdmciPjwvc3ZnPg==\" style=\"--smush-placeholder-width: 945px; --smush-placeholder-aspect-ratio: 945\/630;\" \/><\/figure>\n\n\n\n<figure class=\"wp-block-image size-full\"><img decoding=\"async\" width=\"945\" height=\"630\" data-attachment-id=\"101977\" data-permalink=\"https:\/\/eldiariodesanpedro.com.ar\/sitio\/36-edicion-de-los-paulinos-del-club-nautico-san-pedro\/263423044_2061600023991003_7571874762890413825_n\/\" data-orig-file=\"https:\/\/eldiariodesanpedro.com.ar\/sitio\/wp-content\/uploads\/2021\/12\/263423044_2061600023991003_7571874762890413825_n.jpg\" data-orig-size=\"945,630\" data-comments-opened=\"0\" data-image-meta=\"{&quot;aperture&quot;:&quot;0&quot;,&quot;credit&quot;:&quot;&quot;,&quot;camera&quot;:&quot;&quot;,&quot;caption&quot;:&quot;&quot;,&quot;created_timestamp&quot;:&quot;0&quot;,&quot;copyright&quot;:&quot;www.alfredorisso.com&quot;,&quot;focal_length&quot;:&quot;0&quot;,&quot;iso&quot;:&quot;0&quot;,&quot;shutter_speed&quot;:&quot;0&quot;,&quot;title&quot;:&quot;&quot;,&quot;orientation&quot;:&quot;0&quot;}\" data-image-title=\"263423044_2061600023991003_7571874762890413825_n\" data-image-description=\"\" data-image-caption=\"\" data-large-file=\"https:\/\/eldiariodesanpedro.com.ar\/sitio\/wp-content\/uploads\/2021\/12\/263423044_2061600023991003_7571874762890413825_n.jpg\" data-src=\"https:\/\/eldiariodesanpedro.com.ar\/sitio\/wp-content\/uploads\/2021\/12\/263423044_2061600023991003_7571874762890413825_n.jpg\" alt=\"\" class=\"wp-image-101977 lazyload\" data-srcset=\"https:\/\/eldiariodesanpedro.com.ar\/sitio\/wp-content\/uploads\/2021\/12\/263423044_2061600023991003_7571874762890413825_n.jpg 945w, https:\/\/eldiariodesanpedro.com.ar\/sitio\/wp-content\/uploads\/2021\/12\/263423044_2061600023991003_7571874762890413825_n-300x200.jpg 300w, https:\/\/eldiariodesanpedro.com.ar\/sitio\/wp-content\/uploads\/2021\/12\/263423044_2061600023991003_7571874762890413825_n-768x512.jpg 768w\" data-sizes=\"(max-width: 945px) 100vw, 945px\" src=\"data:image\/svg+xml;base64,PHN2ZyB3aWR0aD0iMSIgaGVpZ2h0PSIxIiB4bWxucz0iaHR0cDovL3d3dy53My5vcmcvMjAwMC9zdmciPjwvc3ZnPg==\" style=\"--smush-placeholder-width: 945px; --smush-placeholder-aspect-ratio: 945\/630;\" \/><\/figure>\n\n\n\n<figure class=\"wp-block-image size-full\"><img decoding=\"async\" width=\"945\" height=\"630\" data-attachment-id=\"101980\" data-permalink=\"https:\/\/eldiariodesanpedro.com.ar\/sitio\/36-edicion-de-los-paulinos-del-club-nautico-san-pedro\/264248113_2061603197324019_3964132798000609145_n\/\" data-orig-file=\"https:\/\/eldiariodesanpedro.com.ar\/sitio\/wp-content\/uploads\/2021\/12\/264248113_2061603197324019_3964132798000609145_n.jpg\" data-orig-size=\"945,630\" data-comments-opened=\"0\" data-image-meta=\"{&quot;aperture&quot;:&quot;0&quot;,&quot;credit&quot;:&quot;&quot;,&quot;camera&quot;:&quot;&quot;,&quot;caption&quot;:&quot;&quot;,&quot;created_timestamp&quot;:&quot;0&quot;,&quot;copyright&quot;:&quot;&quot;,&quot;focal_length&quot;:&quot;0&quot;,&quot;iso&quot;:&quot;0&quot;,&quot;shutter_speed&quot;:&quot;0&quot;,&quot;title&quot;:&quot;&quot;,&quot;orientation&quot;:&quot;0&quot;}\" data-image-title=\"264248113_2061603197324019_3964132798000609145_n\" data-image-description=\"\" data-image-caption=\"\" data-large-file=\"https:\/\/eldiariodesanpedro.com.ar\/sitio\/wp-content\/uploads\/2021\/12\/264248113_2061603197324019_3964132798000609145_n.jpg\" data-src=\"https:\/\/eldiariodesanpedro.com.ar\/sitio\/wp-content\/uploads\/2021\/12\/264248113_2061603197324019_3964132798000609145_n.jpg\" alt=\"\" class=\"wp-image-101980 lazyload\" data-srcset=\"https:\/\/eldiariodesanpedro.com.ar\/sitio\/wp-content\/uploads\/2021\/12\/264248113_2061603197324019_3964132798000609145_n.jpg 945w, https:\/\/eldiariodesanpedro.com.ar\/sitio\/wp-content\/uploads\/2021\/12\/264248113_2061603197324019_3964132798000609145_n-300x200.jpg 300w, https:\/\/eldiariodesanpedro.com.ar\/sitio\/wp-content\/uploads\/2021\/12\/264248113_2061603197324019_3964132798000609145_n-768x512.jpg 768w\" data-sizes=\"(max-width: 945px) 100vw, 945px\" src=\"data:image\/svg+xml;base64,PHN2ZyB3aWR0aD0iMSIgaGVpZ2h0PSIxIiB4bWxucz0iaHR0cDovL3d3dy53My5vcmcvMjAwMC9zdmciPjwvc3ZnPg==\" style=\"--smush-placeholder-width: 945px; --smush-placeholder-aspect-ratio: 945\/630;\" \/><\/figure>\n","protected":false},"excerpt":{"rendered":"<p>El Club N\u00e1utico San Pedro volvi\u00f3 a entregar sus tradicionales premios \u201cPaulino\u201d a los deportistas destacados en cada una de sus disciplinas federadas, junto a reconocimientos individuales y grupales a cada una de las actividades que forman parte de la instituci\u00f3n. En el sector de Punta Pavita, con el Club Viejo recientemente restaurado como fondo [&hellip;]<\/p>\n","protected":false},"author":4,"featured_media":101978,"comment_status":"closed","ping_status":"closed","sticky":false,"template":"","format":"standard","meta":{"om_disable_all_campaigns":false,"_jetpack_memberships_contains_paid_content":false,"footnotes":""},"categories":[50,101,2],"tags":[],"class_list":["post-101976","post","type-post","status-publish","format-standard","has-post-thumbnail","hentry","category-destacadas","category-interes-general-locales","category-locales"],"aioseo_notices":[],"gutentor_comment":0,"jetpack_featured_media_url":"https:\/\/eldiariodesanpedro.com.ar\/sitio\/wp-content\/uploads\/2021\/12\/264108542_2061600290657643_7364276676453045617_n.jpg","jetpack_shortlink":"https:\/\/wp.me\/p6RhLt-qwM","jetpack_sharing_enabled":true,"_links":{"self":[{"href":"https:\/\/eldiariodesanpedro.com.ar\/sitio\/wp-json\/wp\/v2\/posts\/101976","targetHints":{"allow":["GET"]}}],"collection":[{"href":"https:\/\/eldiariodesanpedro.com.ar\/sitio\/wp-json\/wp\/v2\/posts"}],"about":[{"href":"https:\/\/eldiariodesanpedro.com.ar\/sitio\/wp-json\/wp\/v2\/types\/post"}],"author":[{"embeddable":true,"href":"https:\/\/eldiariodesanpedro.com.ar\/sitio\/wp-json\/wp\/v2\/users\/4"}],"replies":[{"embeddable":true,"href":"https:\/\/eldiariodesanpedro.com.ar\/sitio\/wp-json\/wp\/v2\/comments?post=101976"}],"version-history":[{"count":1,"href":"https:\/\/eldiariodesanpedro.com.ar\/sitio\/wp-json\/wp\/v2\/posts\/101976\/revisions"}],"predecessor-version":[{"id":101981,"href":"https:\/\/eldiariodesanpedro.com.ar\/sitio\/wp-json\/wp\/v2\/posts\/101976\/revisions\/101981"}],"wp:featuredmedia":[{"embeddable":true,"href":"https:\/\/eldiariodesanpedro.com.ar\/sitio\/wp-json\/wp\/v2\/media\/101978"}],"wp:attachment":[{"href":"https:\/\/eldiariodesanpedro.com.ar\/sitio\/wp-json\/wp\/v2\/media?parent=101976"}],"wp:term":[{"taxonomy":"category","embeddable":true,"href":"https:\/\/eldiariodesanpedro.com.ar\/sitio\/wp-json\/wp\/v2\/categories?post=101976"},{"taxonomy":"post_tag","embeddable":true,"href":"https:\/\/eldiariodesanpedro.com.ar\/sitio\/wp-json\/wp\/v2\/tags?post=101976"}],"curies":[{"name":"wp","href":"https:\/\/api.w.org\/{rel}","templated":true}]}}