{"id":101973,"date":"2021-12-06T16:53:44","date_gmt":"2021-12-06T19:53:44","guid":{"rendered":"https:\/\/eldiariodesanpedro.com.ar\/sitio\/?p=101973"},"modified":"2021-12-06T16:53:46","modified_gmt":"2021-12-06T19:53:46","slug":"comenzaron-las-inscripciones-al-plan-de-viviendas-para-personas-con-discapacidad","status":"publish","type":"post","link":"https:\/\/eldiariodesanpedro.com.ar\/sitio\/comenzaron-las-inscripciones-al-plan-de-viviendas-para-personas-con-discapacidad\/","title":{"rendered":"Comenzaron las inscripciones al plan de viviendas para personas con discapacidad"},"content":{"rendered":"<!-- VideographyWP Plugin Message: Automatic video embedding prevented by plugin options. -->\n\n<p>El \u00e1rea de Discapacidad de la Secretar\u00eda de Desarrollo Humano comenz\u00f3 este lunes con las inscripciones para el plan de viviendas adaptadas a personas con movilidad reducida que forman parte del programa de Viviendas que se lleva a cabo a trav\u00e9s del Ministerio de Desarrollo Territorial y H\u00e1bitat de la Naci\u00f3n Argentina.<\/p>\n\n\n\n<p>M\u00e1s de 100 turnos fueron asignados este lunes y continuar\u00e1n durante el martes 7 y el jueves 9 de diciembre de 8 a 14 hs. en la Secretar\u00eda de Desarrollo Humano ubicada en Oliveira Cesar 280.<\/p>\n\n\n\n<p>Quienes no puedan anotarse durante esta semana podr\u00e1n acercarse la semana que viene desde el mi\u00e9rcoles 15 al viernes 17 de diciembre en el horario de 8 a 14.<\/p>\n","protected":false},"excerpt":{"rendered":"<p>El \u00e1rea de Discapacidad de la Secretar\u00eda de Desarrollo Humano comenz\u00f3 este lunes con las inscripciones para el plan de viviendas adaptadas a personas con movilidad reducida que forman parte del programa de Viviendas que se lleva a cabo a trav\u00e9s del Ministerio de Desarrollo Territorial y H\u00e1bitat de la Naci\u00f3n Argentina. M\u00e1s de 100 [&hellip;]<\/p>\n","protected":false},"author":4,"featured_media":101974,"comment_status":"closed","ping_status":"closed","sticky":false,"template":"","format":"standard","meta":{"om_disable_all_campaigns":false,"_jetpack_memberships_contains_paid_content":false,"footnotes":""},"categories":[50,101,2],"tags":[],"class_list":["post-101973","post","type-post","status-publish","format-standard","has-post-thumbnail","hentry","category-destacadas","category-interes-general-locales","category-locales"],"aioseo_notices":[],"gutentor_comment":0,"jetpack_featured_media_url":"https:\/\/eldiariodesanpedro.com.ar\/sitio\/wp-content\/uploads\/2021\/12\/unnamed.jpg","jetpack_shortlink":"https:\/\/wp.me\/p6RhLt-qwJ","jetpack_sharing_enabled":true,"_links":{"self":[{"href":"https:\/\/eldiariodesanpedro.com.ar\/sitio\/wp-json\/wp\/v2\/posts\/101973","targetHints":{"allow":["GET"]}}],"collection":[{"href":"https:\/\/eldiariodesanpedro.com.ar\/sitio\/wp-json\/wp\/v2\/posts"}],"about":[{"href":"https:\/\/eldiariodesanpedro.com.ar\/sitio\/wp-json\/wp\/v2\/types\/post"}],"author":[{"embeddable":true,"href":"https:\/\/eldiariodesanpedro.com.ar\/sitio\/wp-json\/wp\/v2\/users\/4"}],"replies":[{"embeddable":true,"href":"https:\/\/eldiariodesanpedro.com.ar\/sitio\/wp-json\/wp\/v2\/comments?post=101973"}],"version-history":[{"count":1,"href":"https:\/\/eldiariodesanpedro.com.ar\/sitio\/wp-json\/wp\/v2\/posts\/101973\/revisions"}],"predecessor-version":[{"id":101975,"href":"https:\/\/eldiariodesanpedro.com.ar\/sitio\/wp-json\/wp\/v2\/posts\/101973\/revisions\/101975"}],"wp:featuredmedia":[{"embeddable":true,"href":"https:\/\/eldiariodesanpedro.com.ar\/sitio\/wp-json\/wp\/v2\/media\/101974"}],"wp:attachment":[{"href":"https:\/\/eldiariodesanpedro.com.ar\/sitio\/wp-json\/wp\/v2\/media?parent=101973"}],"wp:term":[{"taxonomy":"category","embeddable":true,"href":"https:\/\/eldiariodesanpedro.com.ar\/sitio\/wp-json\/wp\/v2\/categories?post=101973"},{"taxonomy":"post_tag","embeddable":true,"href":"https:\/\/eldiariodesanpedro.com.ar\/sitio\/wp-json\/wp\/v2\/tags?post=101973"}],"curies":[{"name":"wp","href":"https:\/\/api.w.org\/{rel}","templated":true}]}}