{"id":101967,"date":"2021-12-06T16:49:38","date_gmt":"2021-12-06T19:49:38","guid":{"rendered":"https:\/\/eldiariodesanpedro.com.ar\/sitio\/?p=101967"},"modified":"2021-12-06T16:49:39","modified_gmt":"2021-12-06T19:49:39","slug":"con-carmen-barbieri-el-stand-de-san-pedro-en-la-fit-se-presentaron-todas-las-propuestas-para-la-temporada","status":"publish","type":"post","link":"https:\/\/eldiariodesanpedro.com.ar\/sitio\/con-carmen-barbieri-el-stand-de-san-pedro-en-la-fit-se-presentaron-todas-las-propuestas-para-la-temporada\/","title":{"rendered":"Con Carmen Barbieri, el stand de San Pedro en la FIT, se presentaron todas las propuestas para la temporada"},"content":{"rendered":"<!-- VideographyWP Plugin Message: Automatic video embedding prevented by plugin options. -->\n\n<p>En el marco de la edici\u00f3n 2021 de la Feria Internacional de Turismo que concluye ma\u00f1ana en La Rural, y en la que San Pedro tiene una participaci\u00f3n importante dentro de los destinos tur\u00edsticos promocionados de la Provincia de Buenos Aires, se llevaron a cabo diferentes actividades para divulgar los detalles de la pr\u00f3xima temporada que presenta excelentes perspectivas para nuestra zona.<\/p>\n\n\n\n<p>A la exhibici\u00f3n de todos los productos caracter\u00edsticos, material audiovisual y folleter\u00eda, se le fueron sumando otras propuestas como la degustaci\u00f3n y demostraci\u00f3n de ensaimadas junto a la Oficina de Turismo de la Embajada de Espa\u00f1a y la Agrupaci\u00f3n Mallorca y reuniones con prestadores y operadores tur\u00edsticos.<\/p>\n\n\n\n<p>Hoy, tras la firma del contrato para sus presentaciones en San Pedro, visit\u00f3 el stand la actriz Carmen Barbieri para charlar con la Secretaria de Turismo y Cultura Marcela Cu\u00f1er, el actor y empresario Alejandro Cupit\u00f3 y el productor y empresario Facundo Venencio.<\/p>\n\n\n\n<p>La consagrada actriz presentar\u00e1 en d\u00edas y horarios que ser\u00e1n anunciados en breve la obra \u00abDos Locos Sueltos en San Pedro\u00bb junto a Alejandro Cuipt\u00f3, que en el verano 2021 co-protagoniz\u00f3 \u00abFiesta en la Estancia\u00bb, con Costa.<\/p>\n\n\n\n<p>Con excelentes referencias tras los resultados de los \u00faltimos fines de semana, la repercusi\u00f3n positiva de la propuesta art\u00edstica del a\u00f1o pasado y todas las acciones de promoci\u00f3n llevadas adelante, San Pedro se posiciona como uno de los destinos m\u00e1s atractivos del pr\u00f3ximo verano, lo que constituye para la econom\u00eda local un aliciente sumamente importante.<\/p>\n\n\n\n<figure class=\"wp-block-image size-large\"><img decoding=\"async\" width=\"1024\" height=\"576\" data-attachment-id=\"101971\" data-permalink=\"https:\/\/eldiariodesanpedro.com.ar\/sitio\/con-carmen-barbieri-el-stand-de-san-pedro-en-la-fit-se-presentaron-todas-las-propuestas-para-la-temporada\/whatsapp-image-2021-12-06-at-15-55-18\/\" data-orig-file=\"https:\/\/eldiariodesanpedro.com.ar\/sitio\/wp-content\/uploads\/2021\/12\/WhatsApp-Image-2021-12-06-at-15.55.18.jpeg\" data-orig-size=\"1120,630\" data-comments-opened=\"0\" data-image-meta=\"{&quot;aperture&quot;:&quot;0&quot;,&quot;credit&quot;:&quot;&quot;,&quot;camera&quot;:&quot;&quot;,&quot;caption&quot;:&quot;&quot;,&quot;created_timestamp&quot;:&quot;0&quot;,&quot;copyright&quot;:&quot;&quot;,&quot;focal_length&quot;:&quot;0&quot;,&quot;iso&quot;:&quot;0&quot;,&quot;shutter_speed&quot;:&quot;0&quot;,&quot;title&quot;:&quot;&quot;,&quot;orientation&quot;:&quot;0&quot;}\" data-image-title=\"WhatsApp Image 2021-12-06 at 15.55.18\" data-image-description=\"\" data-image-caption=\"\" data-large-file=\"https:\/\/eldiariodesanpedro.com.ar\/sitio\/wp-content\/uploads\/2021\/12\/WhatsApp-Image-2021-12-06-at-15.55.18-1024x576.jpeg\" data-src=\"https:\/\/eldiariodesanpedro.com.ar\/sitio\/wp-content\/uploads\/2021\/12\/WhatsApp-Image-2021-12-06-at-15.55.18-1024x576.jpeg\" alt=\"\" class=\"wp-image-101971 lazyload\" data-srcset=\"https:\/\/eldiariodesanpedro.com.ar\/sitio\/wp-content\/uploads\/2021\/12\/WhatsApp-Image-2021-12-06-at-15.55.18-1024x576.jpeg 1024w, https:\/\/eldiariodesanpedro.com.ar\/sitio\/wp-content\/uploads\/2021\/12\/WhatsApp-Image-2021-12-06-at-15.55.18-300x169.jpeg 300w, https:\/\/eldiariodesanpedro.com.ar\/sitio\/wp-content\/uploads\/2021\/12\/WhatsApp-Image-2021-12-06-at-15.55.18-768x432.jpeg 768w, https:\/\/eldiariodesanpedro.com.ar\/sitio\/wp-content\/uploads\/2021\/12\/WhatsApp-Image-2021-12-06-at-15.55.18-800x450.jpeg 800w, https:\/\/eldiariodesanpedro.com.ar\/sitio\/wp-content\/uploads\/2021\/12\/WhatsApp-Image-2021-12-06-at-15.55.18.jpeg 1120w\" data-sizes=\"(max-width: 1024px) 100vw, 1024px\" src=\"data:image\/svg+xml;base64,PHN2ZyB3aWR0aD0iMSIgaGVpZ2h0PSIxIiB4bWxucz0iaHR0cDovL3d3dy53My5vcmcvMjAwMC9zdmciPjwvc3ZnPg==\" style=\"--smush-placeholder-width: 1024px; --smush-placeholder-aspect-ratio: 1024\/576;\" \/><\/figure>\n\n\n\n<div class=\"wp-block-image\"><figure class=\"aligncenter size-full\"><img decoding=\"async\" width=\"420\" height=\"630\" data-attachment-id=\"101968\" data-permalink=\"https:\/\/eldiariodesanpedro.com.ar\/sitio\/con-carmen-barbieri-el-stand-de-san-pedro-en-la-fit-se-presentaron-todas-las-propuestas-para-la-temporada\/whatsapp-image-2021-12-06-at-15-55-16-1\/\" data-orig-file=\"https:\/\/eldiariodesanpedro.com.ar\/sitio\/wp-content\/uploads\/2021\/12\/WhatsApp-Image-2021-12-06-at-15.55.16-1.jpeg\" data-orig-size=\"420,630\" data-comments-opened=\"0\" data-image-meta=\"{&quot;aperture&quot;:&quot;0&quot;,&quot;credit&quot;:&quot;&quot;,&quot;camera&quot;:&quot;&quot;,&quot;caption&quot;:&quot;&quot;,&quot;created_timestamp&quot;:&quot;0&quot;,&quot;copyright&quot;:&quot;&quot;,&quot;focal_length&quot;:&quot;0&quot;,&quot;iso&quot;:&quot;0&quot;,&quot;shutter_speed&quot;:&quot;0&quot;,&quot;title&quot;:&quot;&quot;,&quot;orientation&quot;:&quot;0&quot;}\" data-image-title=\"WhatsApp Image 2021-12-06 at 15.55.16 (1)\" data-image-description=\"\" data-image-caption=\"\" data-large-file=\"https:\/\/eldiariodesanpedro.com.ar\/sitio\/wp-content\/uploads\/2021\/12\/WhatsApp-Image-2021-12-06-at-15.55.16-1.jpeg\" data-src=\"https:\/\/eldiariodesanpedro.com.ar\/sitio\/wp-content\/uploads\/2021\/12\/WhatsApp-Image-2021-12-06-at-15.55.16-1.jpeg\" alt=\"\" class=\"wp-image-101968 lazyload\" data-srcset=\"https:\/\/eldiariodesanpedro.com.ar\/sitio\/wp-content\/uploads\/2021\/12\/WhatsApp-Image-2021-12-06-at-15.55.16-1.jpeg 420w, https:\/\/eldiariodesanpedro.com.ar\/sitio\/wp-content\/uploads\/2021\/12\/WhatsApp-Image-2021-12-06-at-15.55.16-1-200x300.jpeg 200w\" data-sizes=\"(max-width: 420px) 100vw, 420px\" src=\"data:image\/svg+xml;base64,PHN2ZyB3aWR0aD0iMSIgaGVpZ2h0PSIxIiB4bWxucz0iaHR0cDovL3d3dy53My5vcmcvMjAwMC9zdmciPjwvc3ZnPg==\" style=\"--smush-placeholder-width: 420px; --smush-placeholder-aspect-ratio: 420\/630;\" \/><\/figure><\/div>\n","protected":false},"excerpt":{"rendered":"<p>En el marco de la edici\u00f3n 2021 de la Feria Internacional de Turismo que concluye ma\u00f1ana en La Rural, y en la que San Pedro tiene una participaci\u00f3n importante dentro de los destinos tur\u00edsticos promocionados de la Provincia de Buenos Aires, se llevaron a cabo diferentes actividades para divulgar los detalles de la pr\u00f3xima temporada [&hellip;]<\/p>\n","protected":false},"author":4,"featured_media":101970,"comment_status":"closed","ping_status":"closed","sticky":false,"template":"","format":"standard","meta":{"om_disable_all_campaigns":false,"_jetpack_memberships_contains_paid_content":false,"footnotes":""},"categories":[50,101,2],"tags":[],"class_list":["post-101967","post","type-post","status-publish","format-standard","has-post-thumbnail","hentry","category-destacadas","category-interes-general-locales","category-locales"],"aioseo_notices":[],"gutentor_comment":0,"jetpack_featured_media_url":"https:\/\/eldiariodesanpedro.com.ar\/sitio\/wp-content\/uploads\/2021\/12\/WhatsApp-Image-2021-12-06-at-15.55.17.jpeg","jetpack_shortlink":"https:\/\/wp.me\/p6RhLt-qwD","jetpack_sharing_enabled":true,"_links":{"self":[{"href":"https:\/\/eldiariodesanpedro.com.ar\/sitio\/wp-json\/wp\/v2\/posts\/101967","targetHints":{"allow":["GET"]}}],"collection":[{"href":"https:\/\/eldiariodesanpedro.com.ar\/sitio\/wp-json\/wp\/v2\/posts"}],"about":[{"href":"https:\/\/eldiariodesanpedro.com.ar\/sitio\/wp-json\/wp\/v2\/types\/post"}],"author":[{"embeddable":true,"href":"https:\/\/eldiariodesanpedro.com.ar\/sitio\/wp-json\/wp\/v2\/users\/4"}],"replies":[{"embeddable":true,"href":"https:\/\/eldiariodesanpedro.com.ar\/sitio\/wp-json\/wp\/v2\/comments?post=101967"}],"version-history":[{"count":1,"href":"https:\/\/eldiariodesanpedro.com.ar\/sitio\/wp-json\/wp\/v2\/posts\/101967\/revisions"}],"predecessor-version":[{"id":101972,"href":"https:\/\/eldiariodesanpedro.com.ar\/sitio\/wp-json\/wp\/v2\/posts\/101967\/revisions\/101972"}],"wp:featuredmedia":[{"embeddable":true,"href":"https:\/\/eldiariodesanpedro.com.ar\/sitio\/wp-json\/wp\/v2\/media\/101970"}],"wp:attachment":[{"href":"https:\/\/eldiariodesanpedro.com.ar\/sitio\/wp-json\/wp\/v2\/media?parent=101967"}],"wp:term":[{"taxonomy":"category","embeddable":true,"href":"https:\/\/eldiariodesanpedro.com.ar\/sitio\/wp-json\/wp\/v2\/categories?post=101967"},{"taxonomy":"post_tag","embeddable":true,"href":"https:\/\/eldiariodesanpedro.com.ar\/sitio\/wp-json\/wp\/v2\/tags?post=101967"}],"curies":[{"name":"wp","href":"https:\/\/api.w.org\/{rel}","templated":true}]}}