{"id":101958,"date":"2021-12-06T16:46:28","date_gmt":"2021-12-06T19:46:28","guid":{"rendered":"https:\/\/eldiariodesanpedro.com.ar\/sitio\/?p=101958"},"modified":"2021-12-06T16:46:30","modified_gmt":"2021-12-06T19:46:30","slug":"comienza-a-implementarse-el-sistema-sube-en-san-pedro","status":"publish","type":"post","link":"https:\/\/eldiariodesanpedro.com.ar\/sitio\/comienza-a-implementarse-el-sistema-sube-en-san-pedro\/","title":{"rendered":"Comienza a implementarse el sistema SUBE en San Pedro"},"content":{"rendered":"<!-- VideographyWP Plugin Message: Automatic video embedding prevented by plugin options. -->\n\n<p>Esta ma\u00f1ana, mediante un acto encabezado por el Intendente Cecilio Salazar junto al secretario de Articulaci\u00f3n Interjurisdiccional del Ministerio de Transporte de la Naci\u00f3n Marcos Farina y el director de Implementaci\u00f3n y Seguimiento del Sistema \u00danico de Boleto Electr\u00f3nico del Ministerio de Transporte de la Naci\u00f3n Marcelo Torres, comenz\u00f3 a implementarse el sistema SUBE en la ciudad beneficiando a m\u00e1s de 12 mil usuarios que contar\u00e1n con un centro de atenci\u00f3n SUBE ubicado en B. Mitre 2609, 18 terminales autom\u00e1ticas y 14 puntos de carga operativos facilitando la forma de pago del transporte p\u00fablico, evitando el uso de efectivo para abonar el boleto de transporte. Adem\u00e1s, permite recopilar y desagregar informaci\u00f3n de viajes para su an\u00e1lisis y lograr mejoras significativas en pol\u00edticas p\u00fablicas de movilidad. Asimismo, las y los vecinos que sean beneficiarios de la Tarifa Social podr\u00e1n adherirse para obtener el correspondiente descuento en el boleto del transporte p\u00fablico.<\/p>\n\n\n\n<p>Durante el acto, que cont\u00f3 con la presencia de funcionarios municipales, miembros del Honorable Concejo Deliberante y autoridades de la empresa Evhsa que provee el servicio de transporte en la ciudad, los funcionarios nacionales se mostraron con alegr\u00eda por comenzar a implementar el servicio en nuestra ciudad.<\/p>\n\n\n\n<p>En primer t\u00e9rmino, el director Marcelo Torres se refiri\u00f3 a los 10 a\u00f1os que lleva implement\u00e1ndose en el pa\u00eds la tarjeta SUBE, que \u201csali\u00f3 como algo de emergencia\u201d y \u201choy es una pol\u00edtica p\u00fablica de estado, que llega a todos lados, con beneficios, con cobertura y con comodidad para las y los conductores de trasporte p\u00fablico\u201d.<\/p>\n\n\n\n<p>Por su parte, el secretario de Articulaci\u00f3n Interjurisdiccional Marcos Farina se mostr\u00f3 sorprendido tanto por la ciudad como por la gesti\u00f3n del Intendente Salazar a quien felicit\u00f3 por su trabajo. Adem\u00e1s, remarc\u00f3 la importancia de la Tarjeta SUBE, que con la ciudad de San Pedro se concretan las 45 localidades con el sistema. \u201cEstamos haciendo una fuerte proyecci\u00f3n para el a\u00f1o 2022 de llevar SUBE a todo lo que es el interior\u201d. Tambi\u00e9n destac\u00f3 que todos aqu\u00e9llos usuarios que utilizan el sistema p\u00fablico de transporte, con alg\u00fan tipo de beneficio social del gobierno nacional, van a tener el beneficio del atributo social y que \u201ctodas aquellas personas que se inscriban en la SUBE como atributo social van a tener un descuento superior a lo que es el 50 % del valor del boleto\u201d.<\/p>\n\n\n\n<p>El Intendente cerr\u00f3 el acto, mostr\u00e1ndose muy conform\u00e9 se refiri\u00f3 a las gestiones que se fueron llevando a cabo desde hace tiempo y \u201choy se ven concretadas\u201d.<\/p>\n\n\n\n<p>\u201cEste es un gran logro para m\u00ed, es tremendamente importante y beneficia a mucha gente que verdaderamente lo necesita\u201d. Destacando que \u201c12 mil vecinas y vecinos, fundamentalmente de las localidades que vienen y van por distintos motivos\u201d. Refiri\u00e9ndose tambi\u00e9n a la gente que se traslada de la ciudad a las localidades.<\/p>\n\n\n\n<p>Finalmente agradeci\u00f3 a la ciudad de San Pedro por el apoyo que recibi\u00f3 desde que asumi\u00f3 como Intendente el 9 de diciembre del 2015. \u201cAmo a mi ciudad y siempre voy a estar presente en San Pedro\u201d afirm\u00f3 el Intendente.<\/p>\n\n\n\n<p><strong>\u00bfC\u00f3mo obtener y comenzar a utilizar SUBE?<\/strong><\/p>\n\n\n\n<p>Desde la web argentina.gob.ar\/SUBE se puede acceder de manera muy sencilla y r\u00e1pida a informaci\u00f3n sobre c\u00f3mo conseguir, registrar, cargar y otros beneficios de la tarjeta SUBE. Es importante destacar que una vez adquirida la tarjeta SUBE, debe ser registrada de manera online para poder acceder a beneficios como la recuperaci\u00f3n del saldo vigente en caso de extrav\u00edo o hurto de la tarjeta, tramitar la tarifa social en caso que corresponda, ver los \u00faltimos movimientos, entre otras.<\/p>\n\n\n\n<p><strong>\u00bfC\u00f3mo realizar la carga?<\/strong><\/p>\n\n\n\n<p>Presencialmente, se puede cargar en los \u201cPuntos SUBE\u201d que se encuentran disponibles y actualizados en la web argentina.gob.ar\/SUBE, y est\u00e1n distribuidos en todo el pa\u00eds permitiendo acreditar cargas electr\u00f3nicas, aplicar descuentos y consultar saldo. De manera electr\u00f3nica, el usuario puede proceder a la carga de la tarjeta SUBE con tarjeta de d\u00e9bito o cr\u00e9dito en cualquier horario y lugar desde un celular, computadora o cajero autom\u00e1tico, a trav\u00e9s del homebanking o aplicaciones de pago.<\/p>\n\n\n\n<p><strong>\u00bfC\u00f3mo acreditar la carga virtual?<\/strong><\/p>\n\n\n\n<p>Luego de realizada la compra de la carga virtual, el o la usuaria deber\u00e1 acreditar la carga. Desde el celular, existen dos opciones: con la aplicaci\u00f3n \u201cCarga SUBE\u201d (disponible forma gratuita en Google Playstore) con tan solo apoyar la tarjeta detr\u00e1s del celular o quienes no cuenten con la app pueden adquirir un dispositivo de conexi\u00f3n m\u00f3vil que permitir\u00e1 acreditar la carga. Como tercera opci\u00f3n, la acreditaci\u00f3n de carga puede realizarse desde las Terminales Autom\u00e1ticas ubicadas en espacios p\u00fablicos.<\/p>\n\n\n\n<p>Para consultas se encuentran disponibles los canales de atenci\u00f3n en Twitter @tarjetaSUBEok y Facebook \u201cTarjeta SUBE\u201d y el Centro de atenci\u00f3n SUBE en B. Mitre 2609.<\/p>\n\n\n\n<figure class=\"wp-block-image size-full\"><img decoding=\"async\" width=\"945\" height=\"630\" data-attachment-id=\"101963\" data-permalink=\"https:\/\/eldiariodesanpedro.com.ar\/sitio\/comienza-a-implementarse-el-sistema-sube-en-san-pedro\/whatsapp-image-2021-12-06-at-15-00-52\/\" data-orig-file=\"https:\/\/eldiariodesanpedro.com.ar\/sitio\/wp-content\/uploads\/2021\/12\/WhatsApp-Image-2021-12-06-at-15.00.52.jpeg\" data-orig-size=\"945,630\" data-comments-opened=\"0\" data-image-meta=\"{&quot;aperture&quot;:&quot;0&quot;,&quot;credit&quot;:&quot;&quot;,&quot;camera&quot;:&quot;&quot;,&quot;caption&quot;:&quot;&quot;,&quot;created_timestamp&quot;:&quot;0&quot;,&quot;copyright&quot;:&quot;&quot;,&quot;focal_length&quot;:&quot;0&quot;,&quot;iso&quot;:&quot;0&quot;,&quot;shutter_speed&quot;:&quot;0&quot;,&quot;title&quot;:&quot;&quot;,&quot;orientation&quot;:&quot;0&quot;}\" data-image-title=\"WhatsApp Image 2021-12-06 at 15.00.52\" data-image-description=\"\" data-image-caption=\"\" data-large-file=\"https:\/\/eldiariodesanpedro.com.ar\/sitio\/wp-content\/uploads\/2021\/12\/WhatsApp-Image-2021-12-06-at-15.00.52.jpeg\" data-src=\"https:\/\/eldiariodesanpedro.com.ar\/sitio\/wp-content\/uploads\/2021\/12\/WhatsApp-Image-2021-12-06-at-15.00.52.jpeg\" alt=\"\" class=\"wp-image-101963 lazyload\" data-srcset=\"https:\/\/eldiariodesanpedro.com.ar\/sitio\/wp-content\/uploads\/2021\/12\/WhatsApp-Image-2021-12-06-at-15.00.52.jpeg 945w, https:\/\/eldiariodesanpedro.com.ar\/sitio\/wp-content\/uploads\/2021\/12\/WhatsApp-Image-2021-12-06-at-15.00.52-300x200.jpeg 300w, https:\/\/eldiariodesanpedro.com.ar\/sitio\/wp-content\/uploads\/2021\/12\/WhatsApp-Image-2021-12-06-at-15.00.52-768x512.jpeg 768w\" data-sizes=\"(max-width: 945px) 100vw, 945px\" src=\"data:image\/svg+xml;base64,PHN2ZyB3aWR0aD0iMSIgaGVpZ2h0PSIxIiB4bWxucz0iaHR0cDovL3d3dy53My5vcmcvMjAwMC9zdmciPjwvc3ZnPg==\" style=\"--smush-placeholder-width: 945px; --smush-placeholder-aspect-ratio: 945\/630;\" \/><\/figure>\n\n\n\n<figure class=\"wp-block-image size-full\"><img decoding=\"async\" width=\"945\" height=\"630\" data-attachment-id=\"101965\" data-permalink=\"https:\/\/eldiariodesanpedro.com.ar\/sitio\/comienza-a-implementarse-el-sistema-sube-en-san-pedro\/whatsapp-image-2021-12-06-at-15-00-54\/\" data-orig-file=\"https:\/\/eldiariodesanpedro.com.ar\/sitio\/wp-content\/uploads\/2021\/12\/WhatsApp-Image-2021-12-06-at-15.00.54.jpeg\" data-orig-size=\"945,630\" data-comments-opened=\"0\" data-image-meta=\"{&quot;aperture&quot;:&quot;0&quot;,&quot;credit&quot;:&quot;&quot;,&quot;camera&quot;:&quot;&quot;,&quot;caption&quot;:&quot;&quot;,&quot;created_timestamp&quot;:&quot;0&quot;,&quot;copyright&quot;:&quot;&quot;,&quot;focal_length&quot;:&quot;0&quot;,&quot;iso&quot;:&quot;0&quot;,&quot;shutter_speed&quot;:&quot;0&quot;,&quot;title&quot;:&quot;&quot;,&quot;orientation&quot;:&quot;0&quot;}\" data-image-title=\"WhatsApp Image 2021-12-06 at 15.00.54\" data-image-description=\"\" data-image-caption=\"\" data-large-file=\"https:\/\/eldiariodesanpedro.com.ar\/sitio\/wp-content\/uploads\/2021\/12\/WhatsApp-Image-2021-12-06-at-15.00.54.jpeg\" data-src=\"https:\/\/eldiariodesanpedro.com.ar\/sitio\/wp-content\/uploads\/2021\/12\/WhatsApp-Image-2021-12-06-at-15.00.54.jpeg\" alt=\"\" class=\"wp-image-101965 lazyload\" data-srcset=\"https:\/\/eldiariodesanpedro.com.ar\/sitio\/wp-content\/uploads\/2021\/12\/WhatsApp-Image-2021-12-06-at-15.00.54.jpeg 945w, https:\/\/eldiariodesanpedro.com.ar\/sitio\/wp-content\/uploads\/2021\/12\/WhatsApp-Image-2021-12-06-at-15.00.54-300x200.jpeg 300w, https:\/\/eldiariodesanpedro.com.ar\/sitio\/wp-content\/uploads\/2021\/12\/WhatsApp-Image-2021-12-06-at-15.00.54-768x512.jpeg 768w\" data-sizes=\"(max-width: 945px) 100vw, 945px\" src=\"data:image\/svg+xml;base64,PHN2ZyB3aWR0aD0iMSIgaGVpZ2h0PSIxIiB4bWxucz0iaHR0cDovL3d3dy53My5vcmcvMjAwMC9zdmciPjwvc3ZnPg==\" style=\"--smush-placeholder-width: 945px; --smush-placeholder-aspect-ratio: 945\/630;\" \/><\/figure>\n","protected":false},"excerpt":{"rendered":"<p>Esta ma\u00f1ana, mediante un acto encabezado por el Intendente Cecilio Salazar junto al secretario de Articulaci\u00f3n Interjurisdiccional del Ministerio de Transporte de la Naci\u00f3n Marcos Farina y el director de Implementaci\u00f3n y Seguimiento del Sistema \u00danico de Boleto Electr\u00f3nico del Ministerio de Transporte de la Naci\u00f3n Marcelo Torres, comenz\u00f3 a implementarse el sistema SUBE en [&hellip;]<\/p>\n","protected":false},"author":4,"featured_media":101962,"comment_status":"closed","ping_status":"closed","sticky":false,"template":"","format":"standard","meta":{"om_disable_all_campaigns":false,"_jetpack_memberships_contains_paid_content":false,"footnotes":""},"categories":[50,101,2],"tags":[],"class_list":["post-101958","post","type-post","status-publish","format-standard","has-post-thumbnail","hentry","category-destacadas","category-interes-general-locales","category-locales"],"aioseo_notices":[],"gutentor_comment":0,"jetpack_featured_media_url":"https:\/\/eldiariodesanpedro.com.ar\/sitio\/wp-content\/uploads\/2021\/12\/WhatsApp-Image-2021-12-06-at-15.00.52-1.jpeg","jetpack_shortlink":"https:\/\/wp.me\/p6RhLt-qwu","jetpack_sharing_enabled":true,"_links":{"self":[{"href":"https:\/\/eldiariodesanpedro.com.ar\/sitio\/wp-json\/wp\/v2\/posts\/101958","targetHints":{"allow":["GET"]}}],"collection":[{"href":"https:\/\/eldiariodesanpedro.com.ar\/sitio\/wp-json\/wp\/v2\/posts"}],"about":[{"href":"https:\/\/eldiariodesanpedro.com.ar\/sitio\/wp-json\/wp\/v2\/types\/post"}],"author":[{"embeddable":true,"href":"https:\/\/eldiariodesanpedro.com.ar\/sitio\/wp-json\/wp\/v2\/users\/4"}],"replies":[{"embeddable":true,"href":"https:\/\/eldiariodesanpedro.com.ar\/sitio\/wp-json\/wp\/v2\/comments?post=101958"}],"version-history":[{"count":1,"href":"https:\/\/eldiariodesanpedro.com.ar\/sitio\/wp-json\/wp\/v2\/posts\/101958\/revisions"}],"predecessor-version":[{"id":101966,"href":"https:\/\/eldiariodesanpedro.com.ar\/sitio\/wp-json\/wp\/v2\/posts\/101958\/revisions\/101966"}],"wp:featuredmedia":[{"embeddable":true,"href":"https:\/\/eldiariodesanpedro.com.ar\/sitio\/wp-json\/wp\/v2\/media\/101962"}],"wp:attachment":[{"href":"https:\/\/eldiariodesanpedro.com.ar\/sitio\/wp-json\/wp\/v2\/media?parent=101958"}],"wp:term":[{"taxonomy":"category","embeddable":true,"href":"https:\/\/eldiariodesanpedro.com.ar\/sitio\/wp-json\/wp\/v2\/categories?post=101958"},{"taxonomy":"post_tag","embeddable":true,"href":"https:\/\/eldiariodesanpedro.com.ar\/sitio\/wp-json\/wp\/v2\/tags?post=101958"}],"curies":[{"name":"wp","href":"https:\/\/api.w.org\/{rel}","templated":true}]}}