{"id":101953,"date":"2021-12-06T16:38:10","date_gmt":"2021-12-06T19:38:10","guid":{"rendered":"https:\/\/eldiariodesanpedro.com.ar\/sitio\/?p=101953"},"modified":"2021-12-06T16:38:12","modified_gmt":"2021-12-06T19:38:12","slug":"el-dr-pablo-piquioni-asumira-como-nuevo-secretario-de-salud-de-la-municipalidad-de-san-pedro","status":"publish","type":"post","link":"https:\/\/eldiariodesanpedro.com.ar\/sitio\/el-dr-pablo-piquioni-asumira-como-nuevo-secretario-de-salud-de-la-municipalidad-de-san-pedro\/","title":{"rendered":"El Dr. Pablo Piquioni asumir\u00e1 como nuevo Secretario de Salud de la Municipalidad de San Pedro"},"content":{"rendered":"<!-- VideographyWP Plugin Message: Automatic video embedding prevented by plugin options. -->\n\n<p>La Municipalidad de San Pedro informa que en los pr\u00f3ximos d\u00edas asumir\u00e1 formalmente como nuevo Secretario de Salud de la Municipalidad de San Pedro, el Dr. Pablo Piquioni.<\/p>\n\n\n\n<p>El m\u00e9dico cl\u00ednico, de larga trayectoria dentro de la salud p\u00fablica local a pesar de su juventud, (tiene 43 a\u00f1os), ha venido desempe\u00f1ando un papel muy importante trabajando en conjunto con todo el equipo de la Secretar\u00eda, del Hospital y de los Centros de Salud, y desde el comienzo de la Pandemia de Covid-19, se ha desempe\u00f1ado con gran compromiso en las acciones de prevenci\u00f3n y atenci\u00f3n que han sido necesarias.<\/p>\n\n\n\n<p>Tras aceptar el ofrecimiento realizado por el Intendente Municipal Cecilio Salazar, el Dr. Piquioni suceder\u00e1 al Dr. Daniel Creus, quien asume como primer concejal, y conformar\u00e1 su equipo con la participaci\u00f3n de la trabajadora social Lorena Elgoyen, el Dr. Gabriel Sayago como Director de Atenci\u00f3n Primaria de la Salud, la conducci\u00f3n del Hospital y todo el staff m\u00e9dico de San Pedro.<\/p>\n","protected":false},"excerpt":{"rendered":"<p>La Municipalidad de San Pedro informa que en los pr\u00f3ximos d\u00edas asumir\u00e1 formalmente como nuevo Secretario de Salud de la Municipalidad de San Pedro, el Dr. Pablo Piquioni. El m\u00e9dico cl\u00ednico, de larga trayectoria dentro de la salud p\u00fablica local a pesar de su juventud, (tiene 43 a\u00f1os), ha venido desempe\u00f1ando un papel muy importante [&hellip;]<\/p>\n","protected":false},"author":4,"featured_media":101954,"comment_status":"closed","ping_status":"closed","sticky":false,"template":"","format":"standard","meta":{"om_disable_all_campaigns":false,"_jetpack_memberships_contains_paid_content":false,"footnotes":""},"categories":[50,101,2],"tags":[],"class_list":["post-101953","post","type-post","status-publish","format-standard","has-post-thumbnail","hentry","category-destacadas","category-interes-general-locales","category-locales"],"aioseo_notices":[],"gutentor_comment":0,"jetpack_featured_media_url":"https:\/\/eldiariodesanpedro.com.ar\/sitio\/wp-content\/uploads\/2021\/12\/Sin-titulo-4.jpg","jetpack_shortlink":"https:\/\/wp.me\/p6RhLt-qwp","jetpack_sharing_enabled":true,"_links":{"self":[{"href":"https:\/\/eldiariodesanpedro.com.ar\/sitio\/wp-json\/wp\/v2\/posts\/101953","targetHints":{"allow":["GET"]}}],"collection":[{"href":"https:\/\/eldiariodesanpedro.com.ar\/sitio\/wp-json\/wp\/v2\/posts"}],"about":[{"href":"https:\/\/eldiariodesanpedro.com.ar\/sitio\/wp-json\/wp\/v2\/types\/post"}],"author":[{"embeddable":true,"href":"https:\/\/eldiariodesanpedro.com.ar\/sitio\/wp-json\/wp\/v2\/users\/4"}],"replies":[{"embeddable":true,"href":"https:\/\/eldiariodesanpedro.com.ar\/sitio\/wp-json\/wp\/v2\/comments?post=101953"}],"version-history":[{"count":1,"href":"https:\/\/eldiariodesanpedro.com.ar\/sitio\/wp-json\/wp\/v2\/posts\/101953\/revisions"}],"predecessor-version":[{"id":101955,"href":"https:\/\/eldiariodesanpedro.com.ar\/sitio\/wp-json\/wp\/v2\/posts\/101953\/revisions\/101955"}],"wp:featuredmedia":[{"embeddable":true,"href":"https:\/\/eldiariodesanpedro.com.ar\/sitio\/wp-json\/wp\/v2\/media\/101954"}],"wp:attachment":[{"href":"https:\/\/eldiariodesanpedro.com.ar\/sitio\/wp-json\/wp\/v2\/media?parent=101953"}],"wp:term":[{"taxonomy":"category","embeddable":true,"href":"https:\/\/eldiariodesanpedro.com.ar\/sitio\/wp-json\/wp\/v2\/categories?post=101953"},{"taxonomy":"post_tag","embeddable":true,"href":"https:\/\/eldiariodesanpedro.com.ar\/sitio\/wp-json\/wp\/v2\/tags?post=101953"}],"curies":[{"name":"wp","href":"https:\/\/api.w.org\/{rel}","templated":true}]}}