{"id":101946,"date":"2021-12-06T16:23:16","date_gmt":"2021-12-06T19:23:16","guid":{"rendered":"https:\/\/eldiariodesanpedro.com.ar\/sitio\/?p=101946"},"modified":"2021-12-06T16:23:18","modified_gmt":"2021-12-06T19:23:18","slug":"un-nino-de-4-anos-herido-en-una-colision-entre-un-automovil-y-una-motocicleta","status":"publish","type":"post","link":"https:\/\/eldiariodesanpedro.com.ar\/sitio\/un-nino-de-4-anos-herido-en-una-colision-entre-un-automovil-y-una-motocicleta\/","title":{"rendered":"Un ni\u00f1o de 4 a\u00f1os herido en una colisi\u00f3n entre un autom\u00f3vil y una motocicleta"},"content":{"rendered":"<!-- VideographyWP Plugin Message: Automatic video embedding prevented by plugin options. -->\n\n<p>En la tarde de ayer ocurri\u00f3 un accidente de tr\u00e1nsito en calle Alvarado entre 11 de Septiembre y Combate de Obligado, donde colision\u00f3 un autom\u00f3vil conducido por masculino de 47 a\u00f1os, contra una motocicleta 110 cc conducida por joven de 26 a\u00f1os, acompa\u00f1ado de su hijo menor de 4 a\u00f1os.&nbsp;<\/p>\n\n\n\n<p>Este \u00faltimo trasladado al nosocomio local presenta lesiones leves.<\/p>\n","protected":false},"excerpt":{"rendered":"<p>En la tarde de ayer ocurri\u00f3 un accidente de tr\u00e1nsito en calle Alvarado entre 11 de Septiembre y Combate de Obligado, donde colision\u00f3 un autom\u00f3vil conducido por masculino de 47 a\u00f1os, contra una motocicleta 110 cc conducida por joven de 26 a\u00f1os, acompa\u00f1ado de su hijo menor de 4 a\u00f1os.&nbsp; Este \u00faltimo trasladado al nosocomio [&hellip;]<\/p>\n","protected":false},"author":4,"featured_media":101947,"comment_status":"closed","ping_status":"closed","sticky":false,"template":"","format":"standard","meta":{"om_disable_all_campaigns":false,"_jetpack_memberships_contains_paid_content":false,"footnotes":""},"categories":[50,2,103],"tags":[],"class_list":["post-101946","post","type-post","status-publish","format-standard","has-post-thumbnail","hentry","category-destacadas","category-locales","category-policiales-locales"],"aioseo_notices":[],"gutentor_comment":0,"jetpack_featured_media_url":"https:\/\/eldiariodesanpedro.com.ar\/sitio\/wp-content\/uploads\/2021\/12\/WhatsApp-Image-2021-12-06-at-10.01.02.jpeg","jetpack_shortlink":"https:\/\/wp.me\/p6RhLt-qwi","jetpack_sharing_enabled":true,"_links":{"self":[{"href":"https:\/\/eldiariodesanpedro.com.ar\/sitio\/wp-json\/wp\/v2\/posts\/101946","targetHints":{"allow":["GET"]}}],"collection":[{"href":"https:\/\/eldiariodesanpedro.com.ar\/sitio\/wp-json\/wp\/v2\/posts"}],"about":[{"href":"https:\/\/eldiariodesanpedro.com.ar\/sitio\/wp-json\/wp\/v2\/types\/post"}],"author":[{"embeddable":true,"href":"https:\/\/eldiariodesanpedro.com.ar\/sitio\/wp-json\/wp\/v2\/users\/4"}],"replies":[{"embeddable":true,"href":"https:\/\/eldiariodesanpedro.com.ar\/sitio\/wp-json\/wp\/v2\/comments?post=101946"}],"version-history":[{"count":1,"href":"https:\/\/eldiariodesanpedro.com.ar\/sitio\/wp-json\/wp\/v2\/posts\/101946\/revisions"}],"predecessor-version":[{"id":101948,"href":"https:\/\/eldiariodesanpedro.com.ar\/sitio\/wp-json\/wp\/v2\/posts\/101946\/revisions\/101948"}],"wp:featuredmedia":[{"embeddable":true,"href":"https:\/\/eldiariodesanpedro.com.ar\/sitio\/wp-json\/wp\/v2\/media\/101947"}],"wp:attachment":[{"href":"https:\/\/eldiariodesanpedro.com.ar\/sitio\/wp-json\/wp\/v2\/media?parent=101946"}],"wp:term":[{"taxonomy":"category","embeddable":true,"href":"https:\/\/eldiariodesanpedro.com.ar\/sitio\/wp-json\/wp\/v2\/categories?post=101946"},{"taxonomy":"post_tag","embeddable":true,"href":"https:\/\/eldiariodesanpedro.com.ar\/sitio\/wp-json\/wp\/v2\/tags?post=101946"}],"curies":[{"name":"wp","href":"https:\/\/api.w.org\/{rel}","templated":true}]}}