{"id":101943,"date":"2021-12-06T16:19:24","date_gmt":"2021-12-06T19:19:24","guid":{"rendered":"https:\/\/eldiariodesanpedro.com.ar\/sitio\/?p=101943"},"modified":"2021-12-06T16:19:25","modified_gmt":"2021-12-06T19:19:25","slug":"violento-fue-aprehendido-tras-amenazar-a-su-ex-pareja","status":"publish","type":"post","link":"https:\/\/eldiariodesanpedro.com.ar\/sitio\/violento-fue-aprehendido-tras-amenazar-a-su-ex-pareja\/","title":{"rendered":"Violento fue aprehendido tras amenazar a su ex pareja"},"content":{"rendered":"<!-- VideographyWP Plugin Message: Automatic video embedding prevented by plugin options. -->\n\n<p>Este domingo, el personal policial de la comisar\u00eda local se hace presente en calle San Lorenzo altura 1900 donde procede a la aprehensi\u00f3n de un masculino de 32 a\u00f1os de edad, quien se encontraba en la vivienda de su ex pareja amenaz\u00e1ndola y provocando la rotura de vidrio de una ventana de la vivienda.<\/p>\n","protected":false},"excerpt":{"rendered":"<p>Este domingo, el personal policial de la comisar\u00eda local se hace presente en calle San Lorenzo altura 1900 donde procede a la aprehensi\u00f3n de un masculino de 32 a\u00f1os de edad, quien se encontraba en la vivienda de su ex pareja amenaz\u00e1ndola y provocando la rotura de vidrio de una ventana de la vivienda.<\/p>\n","protected":false},"author":4,"featured_media":101944,"comment_status":"closed","ping_status":"closed","sticky":false,"template":"","format":"standard","meta":{"om_disable_all_campaigns":false,"_jetpack_memberships_contains_paid_content":false,"footnotes":""},"categories":[2,103],"tags":[],"class_list":["post-101943","post","type-post","status-publish","format-standard","has-post-thumbnail","hentry","category-locales","category-policiales-locales"],"aioseo_notices":[],"gutentor_comment":0,"jetpack_featured_media_url":"https:\/\/eldiariodesanpedro.com.ar\/sitio\/wp-content\/uploads\/2021\/12\/WhatsApp-Image-2021-12-06-at-10.00.51.jpeg","jetpack_shortlink":"https:\/\/wp.me\/p6RhLt-qwf","jetpack_sharing_enabled":true,"_links":{"self":[{"href":"https:\/\/eldiariodesanpedro.com.ar\/sitio\/wp-json\/wp\/v2\/posts\/101943","targetHints":{"allow":["GET"]}}],"collection":[{"href":"https:\/\/eldiariodesanpedro.com.ar\/sitio\/wp-json\/wp\/v2\/posts"}],"about":[{"href":"https:\/\/eldiariodesanpedro.com.ar\/sitio\/wp-json\/wp\/v2\/types\/post"}],"author":[{"embeddable":true,"href":"https:\/\/eldiariodesanpedro.com.ar\/sitio\/wp-json\/wp\/v2\/users\/4"}],"replies":[{"embeddable":true,"href":"https:\/\/eldiariodesanpedro.com.ar\/sitio\/wp-json\/wp\/v2\/comments?post=101943"}],"version-history":[{"count":1,"href":"https:\/\/eldiariodesanpedro.com.ar\/sitio\/wp-json\/wp\/v2\/posts\/101943\/revisions"}],"predecessor-version":[{"id":101945,"href":"https:\/\/eldiariodesanpedro.com.ar\/sitio\/wp-json\/wp\/v2\/posts\/101943\/revisions\/101945"}],"wp:featuredmedia":[{"embeddable":true,"href":"https:\/\/eldiariodesanpedro.com.ar\/sitio\/wp-json\/wp\/v2\/media\/101944"}],"wp:attachment":[{"href":"https:\/\/eldiariodesanpedro.com.ar\/sitio\/wp-json\/wp\/v2\/media?parent=101943"}],"wp:term":[{"taxonomy":"category","embeddable":true,"href":"https:\/\/eldiariodesanpedro.com.ar\/sitio\/wp-json\/wp\/v2\/categories?post=101943"},{"taxonomy":"post_tag","embeddable":true,"href":"https:\/\/eldiariodesanpedro.com.ar\/sitio\/wp-json\/wp\/v2\/tags?post=101943"}],"curies":[{"name":"wp","href":"https:\/\/api.w.org\/{rel}","templated":true}]}}