{"id":101939,"date":"2021-12-06T16:11:49","date_gmt":"2021-12-06T19:11:49","guid":{"rendered":"https:\/\/eldiariodesanpedro.com.ar\/sitio\/?p=101939"},"modified":"2021-12-06T16:11:56","modified_gmt":"2021-12-06T19:11:56","slug":"un-joven-aprehendido-quien-momento-antes-golpeo-a-su-ex-pareja","status":"publish","type":"post","link":"https:\/\/eldiariodesanpedro.com.ar\/sitio\/un-joven-aprehendido-quien-momento-antes-golpeo-a-su-ex-pareja\/","title":{"rendered":"Un joven aprehendido quien momento antes golpeo a su ex pareja"},"content":{"rendered":"<!-- VideographyWP Plugin Message: Automatic video embedding prevented by plugin options. -->\n\n<p>Este Domingo\u00a0 promediando las 14:30 hs el personal policial de la comisar\u00eda se hace presente en calle Bozzano y Miguel Porta, donde procede a la aprehensi\u00f3n de masculino de 26 a\u00f1os de edad\u00a0 quien fug\u00f3 tras ingresar en domicilio de ex pareja ubicada en calle La laguna altura 2000, una femenina de\u00a0 22 a\u00f1os de edad, a quien golpea y amenaza de muerte, caus\u00e1ndole lesiones de car\u00e1cter leve.<\/p>\n","protected":false},"excerpt":{"rendered":"<p>Este Domingo\u00a0 promediando las 14:30 hs el personal policial de la comisar\u00eda se hace presente en calle Bozzano y Miguel Porta, donde procede a la aprehensi\u00f3n de masculino de 26 a\u00f1os de edad\u00a0 quien fug\u00f3 tras ingresar en domicilio de ex pareja ubicada en calle La laguna altura 2000, una femenina de\u00a0 22 a\u00f1os de [&hellip;]<\/p>\n","protected":false},"author":4,"featured_media":101941,"comment_status":"closed","ping_status":"closed","sticky":false,"template":"","format":"standard","meta":{"om_disable_all_campaigns":false,"_jetpack_memberships_contains_paid_content":false,"footnotes":""},"categories":[2,103],"tags":[],"class_list":["post-101939","post","type-post","status-publish","format-standard","has-post-thumbnail","hentry","category-locales","category-policiales-locales"],"aioseo_notices":[],"gutentor_comment":0,"jetpack_featured_media_url":"https:\/\/eldiariodesanpedro.com.ar\/sitio\/wp-content\/uploads\/2021\/12\/Sin-titulo-3.jpg","jetpack_shortlink":"https:\/\/wp.me\/p6RhLt-qwb","jetpack_sharing_enabled":true,"_links":{"self":[{"href":"https:\/\/eldiariodesanpedro.com.ar\/sitio\/wp-json\/wp\/v2\/posts\/101939","targetHints":{"allow":["GET"]}}],"collection":[{"href":"https:\/\/eldiariodesanpedro.com.ar\/sitio\/wp-json\/wp\/v2\/posts"}],"about":[{"href":"https:\/\/eldiariodesanpedro.com.ar\/sitio\/wp-json\/wp\/v2\/types\/post"}],"author":[{"embeddable":true,"href":"https:\/\/eldiariodesanpedro.com.ar\/sitio\/wp-json\/wp\/v2\/users\/4"}],"replies":[{"embeddable":true,"href":"https:\/\/eldiariodesanpedro.com.ar\/sitio\/wp-json\/wp\/v2\/comments?post=101939"}],"version-history":[{"count":1,"href":"https:\/\/eldiariodesanpedro.com.ar\/sitio\/wp-json\/wp\/v2\/posts\/101939\/revisions"}],"predecessor-version":[{"id":101942,"href":"https:\/\/eldiariodesanpedro.com.ar\/sitio\/wp-json\/wp\/v2\/posts\/101939\/revisions\/101942"}],"wp:featuredmedia":[{"embeddable":true,"href":"https:\/\/eldiariodesanpedro.com.ar\/sitio\/wp-json\/wp\/v2\/media\/101941"}],"wp:attachment":[{"href":"https:\/\/eldiariodesanpedro.com.ar\/sitio\/wp-json\/wp\/v2\/media?parent=101939"}],"wp:term":[{"taxonomy":"category","embeddable":true,"href":"https:\/\/eldiariodesanpedro.com.ar\/sitio\/wp-json\/wp\/v2\/categories?post=101939"},{"taxonomy":"post_tag","embeddable":true,"href":"https:\/\/eldiariodesanpedro.com.ar\/sitio\/wp-json\/wp\/v2\/tags?post=101939"}],"curies":[{"name":"wp","href":"https:\/\/api.w.org\/{rel}","templated":true}]}}