{"id":101927,"date":"2021-12-06T10:21:43","date_gmt":"2021-12-06T13:21:43","guid":{"rendered":"https:\/\/eldiariodesanpedro.com.ar\/sitio\/?p=101927"},"modified":"2021-12-06T10:21:45","modified_gmt":"2021-12-06T13:21:45","slug":"todos-primeros-iglesias-dominguez-y-solmi-ganaron-en-la-clasificacion-previa-a-la-final","status":"publish","type":"post","link":"https:\/\/eldiariodesanpedro.com.ar\/sitio\/todos-primeros-iglesias-dominguez-y-solmi-ganaron-en-la-clasificacion-previa-a-la-final\/","title":{"rendered":"Todos primeros: Iglesias, Dominguez y Solmi ganaron en la clasificaci\u00f3n previa a la final"},"content":{"rendered":"<!-- VideographyWP Plugin Message: Automatic video embedding prevented by plugin options. -->\n\n<p>No se recuerda un d\u00eda como este donde en distintas pruebas los pilotos de nuestra ciudad coincidan en la primera ubicaci\u00f3n de las competencias en las que participaron.<\/p>\n\n\n\n<p>Son muchos los pilotos sampedrinos que en cada fin de semana dejan todo en la pista para coronar el esfuerzo y ocupar un lugar en el podio, pero no hay registros de que tres pilotos de la misma ciudad pero compitiendo en distintos circuitos y categor\u00edas se impongan en las pruebas clasificatorias pr\u00e1cticamente a la misma hora.<\/p>\n\n\n\n<p>Este s\u00e1bado y como antesala de las finales del domingo, \u00abMorro\u00bb Iglesias, Federico Dom\u00ednguez y Junior Solmi ganaron en las competencias previas y buscar\u00e1n repetir el domingo en la definici\u00f3n de cada carrera.<\/p>\n\n\n\n<p>Fernando Iglesias largar\u00e1 adelante de todo en la Clase 2 que est\u00e1 corriendo en el aut\u00f3dromo de Alta Gracia. En el mismo escenario pero en la Clase 1 lo est\u00e1 haciendo Dom\u00ednguez, mientras que Junior Solmi tambi\u00e9n largar\u00e1 en la primera fila del TC 850 de Fedenor en Arrecifes.<\/p>\n\n\n\n<figure class=\"wp-block-image size-large\"><img decoding=\"async\" width=\"1024\" height=\"576\" data-attachment-id=\"101929\" data-permalink=\"https:\/\/eldiariodesanpedro.com.ar\/sitio\/todos-primeros-iglesias-dominguez-y-solmi-ganaron-en-la-clasificacion-previa-a-la-final\/0000020537-resized-1920x1080\/\" data-orig-file=\"https:\/\/eldiariodesanpedro.com.ar\/sitio\/wp-content\/uploads\/2021\/12\/0000020537-resized-1920x1080-1.jpeg\" data-orig-size=\"1120,630\" data-comments-opened=\"0\" data-image-meta=\"{&quot;aperture&quot;:&quot;0&quot;,&quot;credit&quot;:&quot;&quot;,&quot;camera&quot;:&quot;&quot;,&quot;caption&quot;:&quot;&quot;,&quot;created_timestamp&quot;:&quot;0&quot;,&quot;copyright&quot;:&quot;&quot;,&quot;focal_length&quot;:&quot;0&quot;,&quot;iso&quot;:&quot;0&quot;,&quot;shutter_speed&quot;:&quot;0&quot;,&quot;title&quot;:&quot;&quot;,&quot;orientation&quot;:&quot;0&quot;}\" data-image-title=\"0000020537-resized-1920&amp;#215;1080\" data-image-description=\"\" data-image-caption=\"\" data-large-file=\"https:\/\/eldiariodesanpedro.com.ar\/sitio\/wp-content\/uploads\/2021\/12\/0000020537-resized-1920x1080-1-1024x576.jpeg\" data-src=\"https:\/\/eldiariodesanpedro.com.ar\/sitio\/wp-content\/uploads\/2021\/12\/0000020537-resized-1920x1080-1-1024x576.jpeg\" alt=\"\" class=\"wp-image-101929 lazyload\" data-srcset=\"https:\/\/eldiariodesanpedro.com.ar\/sitio\/wp-content\/uploads\/2021\/12\/0000020537-resized-1920x1080-1-1024x576.jpeg 1024w, https:\/\/eldiariodesanpedro.com.ar\/sitio\/wp-content\/uploads\/2021\/12\/0000020537-resized-1920x1080-1-300x169.jpeg 300w, https:\/\/eldiariodesanpedro.com.ar\/sitio\/wp-content\/uploads\/2021\/12\/0000020537-resized-1920x1080-1-768x432.jpeg 768w, https:\/\/eldiariodesanpedro.com.ar\/sitio\/wp-content\/uploads\/2021\/12\/0000020537-resized-1920x1080-1-800x450.jpeg 800w, https:\/\/eldiariodesanpedro.com.ar\/sitio\/wp-content\/uploads\/2021\/12\/0000020537-resized-1920x1080-1.jpeg 1120w\" data-sizes=\"(max-width: 1024px) 100vw, 1024px\" src=\"data:image\/svg+xml;base64,PHN2ZyB3aWR0aD0iMSIgaGVpZ2h0PSIxIiB4bWxucz0iaHR0cDovL3d3dy53My5vcmcvMjAwMC9zdmciPjwvc3ZnPg==\" style=\"--smush-placeholder-width: 1024px; --smush-placeholder-aspect-ratio: 1024\/576;\" \/><\/figure>\n\n\n\n<figure class=\"wp-block-image size-full\"><img decoding=\"async\" width=\"901\" height=\"630\" data-attachment-id=\"101930\" data-permalink=\"https:\/\/eldiariodesanpedro.com.ar\/sitio\/todos-primeros-iglesias-dominguez-y-solmi-ganaron-en-la-clasificacion-previa-a-la-final\/descarga-1-19\/\" data-orig-file=\"https:\/\/eldiariodesanpedro.com.ar\/sitio\/wp-content\/uploads\/2021\/12\/descarga-1.jpg\" data-orig-size=\"901,630\" data-comments-opened=\"0\" data-image-meta=\"{&quot;aperture&quot;:&quot;0&quot;,&quot;credit&quot;:&quot;&quot;,&quot;camera&quot;:&quot;&quot;,&quot;caption&quot;:&quot;&quot;,&quot;created_timestamp&quot;:&quot;0&quot;,&quot;copyright&quot;:&quot;&quot;,&quot;focal_length&quot;:&quot;0&quot;,&quot;iso&quot;:&quot;0&quot;,&quot;shutter_speed&quot;:&quot;0&quot;,&quot;title&quot;:&quot;&quot;,&quot;orientation&quot;:&quot;0&quot;}\" data-image-title=\"descarga (1)\" data-image-description=\"\" data-image-caption=\"\" data-large-file=\"https:\/\/eldiariodesanpedro.com.ar\/sitio\/wp-content\/uploads\/2021\/12\/descarga-1.jpg\" data-src=\"https:\/\/eldiariodesanpedro.com.ar\/sitio\/wp-content\/uploads\/2021\/12\/descarga-1.jpg\" alt=\"\" class=\"wp-image-101930 lazyload\" data-srcset=\"https:\/\/eldiariodesanpedro.com.ar\/sitio\/wp-content\/uploads\/2021\/12\/descarga-1.jpg 901w, https:\/\/eldiariodesanpedro.com.ar\/sitio\/wp-content\/uploads\/2021\/12\/descarga-1-300x210.jpg 300w, https:\/\/eldiariodesanpedro.com.ar\/sitio\/wp-content\/uploads\/2021\/12\/descarga-1-768x537.jpg 768w\" data-sizes=\"(max-width: 901px) 100vw, 901px\" src=\"data:image\/svg+xml;base64,PHN2ZyB3aWR0aD0iMSIgaGVpZ2h0PSIxIiB4bWxucz0iaHR0cDovL3d3dy53My5vcmcvMjAwMC9zdmciPjwvc3ZnPg==\" style=\"--smush-placeholder-width: 901px; --smush-placeholder-aspect-ratio: 901\/630;\" \/><\/figure>\n\n\n\n<figure class=\"wp-block-image size-full\"><img decoding=\"async\" width=\"816\" height=\"630\" data-attachment-id=\"101931\" data-permalink=\"https:\/\/eldiariodesanpedro.com.ar\/sitio\/todos-primeros-iglesias-dominguez-y-solmi-ganaron-en-la-clasificacion-previa-a-la-final\/descarga-78\/\" data-orig-file=\"https:\/\/eldiariodesanpedro.com.ar\/sitio\/wp-content\/uploads\/2021\/12\/descarga.jpg\" data-orig-size=\"816,630\" data-comments-opened=\"0\" data-image-meta=\"{&quot;aperture&quot;:&quot;0&quot;,&quot;credit&quot;:&quot;&quot;,&quot;camera&quot;:&quot;&quot;,&quot;caption&quot;:&quot;&quot;,&quot;created_timestamp&quot;:&quot;0&quot;,&quot;copyright&quot;:&quot;&quot;,&quot;focal_length&quot;:&quot;0&quot;,&quot;iso&quot;:&quot;0&quot;,&quot;shutter_speed&quot;:&quot;0&quot;,&quot;title&quot;:&quot;&quot;,&quot;orientation&quot;:&quot;0&quot;}\" data-image-title=\"descarga\" data-image-description=\"\" data-image-caption=\"\" data-large-file=\"https:\/\/eldiariodesanpedro.com.ar\/sitio\/wp-content\/uploads\/2021\/12\/descarga.jpg\" data-src=\"https:\/\/eldiariodesanpedro.com.ar\/sitio\/wp-content\/uploads\/2021\/12\/descarga.jpg\" alt=\"\" class=\"wp-image-101931 lazyload\" data-srcset=\"https:\/\/eldiariodesanpedro.com.ar\/sitio\/wp-content\/uploads\/2021\/12\/descarga.jpg 816w, https:\/\/eldiariodesanpedro.com.ar\/sitio\/wp-content\/uploads\/2021\/12\/descarga-300x232.jpg 300w, https:\/\/eldiariodesanpedro.com.ar\/sitio\/wp-content\/uploads\/2021\/12\/descarga-768x593.jpg 768w\" data-sizes=\"(max-width: 816px) 100vw, 816px\" src=\"data:image\/svg+xml;base64,PHN2ZyB3aWR0aD0iMSIgaGVpZ2h0PSIxIiB4bWxucz0iaHR0cDovL3d3dy53My5vcmcvMjAwMC9zdmciPjwvc3ZnPg==\" style=\"--smush-placeholder-width: 816px; --smush-placeholder-aspect-ratio: 816\/630;\" \/><\/figure>\n","protected":false},"excerpt":{"rendered":"<p>No se recuerda un d\u00eda como este donde en distintas pruebas los pilotos de nuestra ciudad coincidan en la primera ubicaci\u00f3n de las competencias en las que participaron. Son muchos los pilotos sampedrinos que en cada fin de semana dejan todo en la pista para coronar el esfuerzo y ocupar un lugar en el podio, [&hellip;]<\/p>\n","protected":false},"author":4,"featured_media":101928,"comment_status":"closed","ping_status":"closed","sticky":false,"template":"","format":"standard","meta":{"om_disable_all_campaigns":false,"_jetpack_memberships_contains_paid_content":false,"footnotes":""},"categories":[50,101,2],"tags":[],"class_list":["post-101927","post","type-post","status-publish","format-standard","has-post-thumbnail","hentry","category-destacadas","category-interes-general-locales","category-locales"],"aioseo_notices":[],"gutentor_comment":0,"jetpack_featured_media_url":"https:\/\/eldiariodesanpedro.com.ar\/sitio\/wp-content\/uploads\/2021\/12\/Sin-titulo-1.jpg","jetpack_shortlink":"https:\/\/wp.me\/p6RhLt-qvZ","jetpack_sharing_enabled":true,"_links":{"self":[{"href":"https:\/\/eldiariodesanpedro.com.ar\/sitio\/wp-json\/wp\/v2\/posts\/101927","targetHints":{"allow":["GET"]}}],"collection":[{"href":"https:\/\/eldiariodesanpedro.com.ar\/sitio\/wp-json\/wp\/v2\/posts"}],"about":[{"href":"https:\/\/eldiariodesanpedro.com.ar\/sitio\/wp-json\/wp\/v2\/types\/post"}],"author":[{"embeddable":true,"href":"https:\/\/eldiariodesanpedro.com.ar\/sitio\/wp-json\/wp\/v2\/users\/4"}],"replies":[{"embeddable":true,"href":"https:\/\/eldiariodesanpedro.com.ar\/sitio\/wp-json\/wp\/v2\/comments?post=101927"}],"version-history":[{"count":1,"href":"https:\/\/eldiariodesanpedro.com.ar\/sitio\/wp-json\/wp\/v2\/posts\/101927\/revisions"}],"predecessor-version":[{"id":101932,"href":"https:\/\/eldiariodesanpedro.com.ar\/sitio\/wp-json\/wp\/v2\/posts\/101927\/revisions\/101932"}],"wp:featuredmedia":[{"embeddable":true,"href":"https:\/\/eldiariodesanpedro.com.ar\/sitio\/wp-json\/wp\/v2\/media\/101928"}],"wp:attachment":[{"href":"https:\/\/eldiariodesanpedro.com.ar\/sitio\/wp-json\/wp\/v2\/media?parent=101927"}],"wp:term":[{"taxonomy":"category","embeddable":true,"href":"https:\/\/eldiariodesanpedro.com.ar\/sitio\/wp-json\/wp\/v2\/categories?post=101927"},{"taxonomy":"post_tag","embeddable":true,"href":"https:\/\/eldiariodesanpedro.com.ar\/sitio\/wp-json\/wp\/v2\/tags?post=101927"}],"curies":[{"name":"wp","href":"https:\/\/api.w.org\/{rel}","templated":true}]}}