{"id":101923,"date":"2021-12-06T10:06:11","date_gmt":"2021-12-06T13:06:11","guid":{"rendered":"https:\/\/eldiariodesanpedro.com.ar\/sitio\/?p=101923"},"modified":"2021-12-06T10:06:13","modified_gmt":"2021-12-06T13:06:13","slug":"fallecio-el-ex-director-de-deportes-y-cultura-arturo-fente-2","status":"publish","type":"post","link":"https:\/\/eldiariodesanpedro.com.ar\/sitio\/fallecio-el-ex-director-de-deportes-y-cultura-arturo-fente-2\/","title":{"rendered":"Falleci\u00f3 el ex Director de Deportes y Cultura Arturo Fente"},"content":{"rendered":"<!-- VideographyWP Plugin Message: Automatic video embedding prevented by plugin options. -->\n\n<p>El dirigente ten\u00eda 79 a\u00f1os y muri\u00f3 el s\u00e1bado a la ma\u00f1ana. Adem\u00e1s de integrar el gabinete del Intendente Barbieri integr\u00f3 distintas comisiones directivas e impuls\u00f3 proyectos culturales y sociales.<\/p>\n\n\n\n<p>El s\u00e1bado por la ma\u00f1ana falleci\u00f3 el dirigente Arturo Fente, quien fuera Director de Deportes y Cultura en la primera etapa de Mario Barbieri como Intendente de la ciudad.<\/p>\n\n\n\n<p>Fente ten\u00eda 79 a\u00f1os y adem\u00e1s del cargo pol\u00edtico que ocup\u00f3 fue presidente del Club Atl\u00e9tico Mitre, integr\u00f3 la Comisi\u00f3n Directiva de la Biblioteca Popular y en la actualidad hab\u00eda vuelto a acompa\u00f1ar la gesti\u00f3n de Estela Oliveros en Mitre.<\/p>\n\n\n\n<p>Promovi\u00f3 distintos proyectos y propuestas institucionales y sociales destac\u00e1ndose cuando junto a un grupo de entusiastas dirigentes conformaron la Pe\u00f1a Roja y organizaron las recordadas competencias denominadas Sampedrestres.<\/p>\n","protected":false},"excerpt":{"rendered":"<p>El dirigente ten\u00eda 79 a\u00f1os y muri\u00f3 el s\u00e1bado a la ma\u00f1ana. Adem\u00e1s de integrar el gabinete del Intendente Barbieri integr\u00f3 distintas comisiones directivas e impuls\u00f3 proyectos culturales y sociales. El s\u00e1bado por la ma\u00f1ana falleci\u00f3 el dirigente Arturo Fente, quien fuera Director de Deportes y Cultura en la primera etapa de Mario Barbieri como [&hellip;]<\/p>\n","protected":false},"author":4,"featured_media":101921,"comment_status":"closed","ping_status":"closed","sticky":false,"template":"","format":"standard","meta":{"om_disable_all_campaigns":false,"_jetpack_memberships_contains_paid_content":false,"footnotes":""},"categories":[50,101,2],"tags":[],"class_list":["post-101923","post","type-post","status-publish","format-standard","has-post-thumbnail","hentry","category-destacadas","category-interes-general-locales","category-locales"],"aioseo_notices":[],"gutentor_comment":0,"jetpack_featured_media_url":"https:\/\/eldiariodesanpedro.com.ar\/sitio\/wp-content\/uploads\/2021\/12\/0000020538-resized-1920x1080-1.jpg","jetpack_shortlink":"https:\/\/wp.me\/p6RhLt-qvV","jetpack_sharing_enabled":true,"_links":{"self":[{"href":"https:\/\/eldiariodesanpedro.com.ar\/sitio\/wp-json\/wp\/v2\/posts\/101923","targetHints":{"allow":["GET"]}}],"collection":[{"href":"https:\/\/eldiariodesanpedro.com.ar\/sitio\/wp-json\/wp\/v2\/posts"}],"about":[{"href":"https:\/\/eldiariodesanpedro.com.ar\/sitio\/wp-json\/wp\/v2\/types\/post"}],"author":[{"embeddable":true,"href":"https:\/\/eldiariodesanpedro.com.ar\/sitio\/wp-json\/wp\/v2\/users\/4"}],"replies":[{"embeddable":true,"href":"https:\/\/eldiariodesanpedro.com.ar\/sitio\/wp-json\/wp\/v2\/comments?post=101923"}],"version-history":[{"count":1,"href":"https:\/\/eldiariodesanpedro.com.ar\/sitio\/wp-json\/wp\/v2\/posts\/101923\/revisions"}],"predecessor-version":[{"id":101925,"href":"https:\/\/eldiariodesanpedro.com.ar\/sitio\/wp-json\/wp\/v2\/posts\/101923\/revisions\/101925"}],"wp:featuredmedia":[{"embeddable":true,"href":"https:\/\/eldiariodesanpedro.com.ar\/sitio\/wp-json\/wp\/v2\/media\/101921"}],"wp:attachment":[{"href":"https:\/\/eldiariodesanpedro.com.ar\/sitio\/wp-json\/wp\/v2\/media?parent=101923"}],"wp:term":[{"taxonomy":"category","embeddable":true,"href":"https:\/\/eldiariodesanpedro.com.ar\/sitio\/wp-json\/wp\/v2\/categories?post=101923"},{"taxonomy":"post_tag","embeddable":true,"href":"https:\/\/eldiariodesanpedro.com.ar\/sitio\/wp-json\/wp\/v2\/tags?post=101923"}],"curies":[{"name":"wp","href":"https:\/\/api.w.org\/{rel}","templated":true}]}}