{"id":101909,"date":"2021-12-06T08:53:22","date_gmt":"2021-12-06T11:53:22","guid":{"rendered":"https:\/\/eldiariodesanpedro.com.ar\/sitio\/?p=101909"},"modified":"2021-12-06T08:53:25","modified_gmt":"2021-12-06T11:53:25","slug":"se-entregaron-los-paulinos-en-el-club-nautico","status":"publish","type":"post","link":"https:\/\/eldiariodesanpedro.com.ar\/sitio\/se-entregaron-los-paulinos-en-el-club-nautico\/","title":{"rendered":"Se entregaron Los Paulinos en el Club Nautico"},"content":{"rendered":"<!-- VideographyWP Plugin Message: Automatic video embedding prevented by plugin options. -->\n\n<p>Este domingo a las 19:30 hs en el Club N\u00e1utico San Pedro se realizo la 36\u00b0 edici\u00f3n de sus premios Paulino. Aqu\u00ed recordamos los ternados para las siete disciplinas con nominaciones para la tradicional estatuilla. Adem\u00e1s hubo reconocimientos especiales y se entrego la Menci\u00f3n Capit\u00e1n Monteverde, instituida desde el 2012.<\/p>\n\n\n\n<p>HOCKEY<br>Catalina Mallo Antonella Morresi<br>Renata Noseda<\/p>\n\n\n\n<p>PAULINO 2021: Renata Noseda<\/p>\n\n\n\n<p>NATACION<br>Amparo Guardia Ana Yeri<br>Joaqu\u00edn Murlaas<\/p>\n\n\n\n<p>PAULINO 2021: Ana Yeri<\/p>\n\n\n\n<p>VOLEIBOL<br>Valentina Grabovieski Bautista Paz Nazareno Massaglia<\/p>\n\n\n\n<p>PAULINO 2021: Nazareno Massaglia<\/p>\n\n\n\n<p>CANOTAJE<br>Diego L\u00f3pez Juli\u00e1n S\u00e1nchez Negrete<br>Emilio Porta<\/p>\n\n\n\n<p>PAULINO 2021: Emilio Porta<\/p>\n\n\n\n<p>BASQUETBOL<br>Manuel S\u00e1nchez Rodrigo Bravo Agostina De Rosa<\/p>\n\n\n\n<p>PAULINO 2021<br>Rodrigo Bravo<\/p>\n\n\n\n<p>TENIS<br>M\u00e1ximo Ya\u00f1ez Bautista Bonafina<br>Vicente Ya\u00f1ez<\/p>\n\n\n\n<p>PAULINO 2021: MAXIMO YA\u00d1EZ<\/p>\n\n\n\n<p>OPTIMIST<br>Francina Paz Delfina Kuttel Francisco G\u00f3mez<\/p>\n\n\n\n<p>PAULINO 2021: Francina Paz y Francisco G\u00f3mez<\/p>\n\n\n\n<p>MENCION CAPIT\u00c1N MONTEVERDE<\/p>\n\n\n\n<p>Encuentro de Escuelitas de Optimist<\/p>\n\n\n\n<p>Profesor Nano Luppi<\/p>\n\n\n\n<p>@canotaje_cnsp @hockeycnsp @basquetfemenino_cnsp @basquetnautico @tenis_clubnauticosanpedro @escuelitanauticasanpedro @voleynauti @voley_nautico @natacion_cnsp @natacion_cnsp<\/p>\n","protected":false},"excerpt":{"rendered":"<p>Este domingo a las 19:30 hs en el Club N\u00e1utico San Pedro se realizo la 36\u00b0 edici\u00f3n de sus premios Paulino. Aqu\u00ed recordamos los ternados para las siete disciplinas con nominaciones para la tradicional estatuilla. Adem\u00e1s hubo reconocimientos especiales y se entrego la Menci\u00f3n Capit\u00e1n Monteverde, instituida desde el 2012. HOCKEYCatalina Mallo Antonella MorresiRenata Noseda [&hellip;]<\/p>\n","protected":false},"author":4,"featured_media":101910,"comment_status":"closed","ping_status":"closed","sticky":false,"template":"","format":"standard","meta":{"om_disable_all_campaigns":false,"_jetpack_memberships_contains_paid_content":false,"footnotes":""},"categories":[50,101,2],"tags":[],"class_list":["post-101909","post","type-post","status-publish","format-standard","has-post-thumbnail","hentry","category-destacadas","category-interes-general-locales","category-locales"],"aioseo_notices":[],"gutentor_comment":0,"jetpack_featured_media_url":"https:\/\/eldiariodesanpedro.com.ar\/sitio\/wp-content\/uploads\/2021\/12\/WhatsApp-Image-2021-12-05-at-22.26.21.jpeg","jetpack_shortlink":"https:\/\/wp.me\/p6RhLt-qvH","jetpack_sharing_enabled":true,"_links":{"self":[{"href":"https:\/\/eldiariodesanpedro.com.ar\/sitio\/wp-json\/wp\/v2\/posts\/101909","targetHints":{"allow":["GET"]}}],"collection":[{"href":"https:\/\/eldiariodesanpedro.com.ar\/sitio\/wp-json\/wp\/v2\/posts"}],"about":[{"href":"https:\/\/eldiariodesanpedro.com.ar\/sitio\/wp-json\/wp\/v2\/types\/post"}],"author":[{"embeddable":true,"href":"https:\/\/eldiariodesanpedro.com.ar\/sitio\/wp-json\/wp\/v2\/users\/4"}],"replies":[{"embeddable":true,"href":"https:\/\/eldiariodesanpedro.com.ar\/sitio\/wp-json\/wp\/v2\/comments?post=101909"}],"version-history":[{"count":1,"href":"https:\/\/eldiariodesanpedro.com.ar\/sitio\/wp-json\/wp\/v2\/posts\/101909\/revisions"}],"predecessor-version":[{"id":101911,"href":"https:\/\/eldiariodesanpedro.com.ar\/sitio\/wp-json\/wp\/v2\/posts\/101909\/revisions\/101911"}],"wp:featuredmedia":[{"embeddable":true,"href":"https:\/\/eldiariodesanpedro.com.ar\/sitio\/wp-json\/wp\/v2\/media\/101910"}],"wp:attachment":[{"href":"https:\/\/eldiariodesanpedro.com.ar\/sitio\/wp-json\/wp\/v2\/media?parent=101909"}],"wp:term":[{"taxonomy":"category","embeddable":true,"href":"https:\/\/eldiariodesanpedro.com.ar\/sitio\/wp-json\/wp\/v2\/categories?post=101909"},{"taxonomy":"post_tag","embeddable":true,"href":"https:\/\/eldiariodesanpedro.com.ar\/sitio\/wp-json\/wp\/v2\/tags?post=101909"}],"curies":[{"name":"wp","href":"https:\/\/api.w.org\/{rel}","templated":true}]}}