{"id":101906,"date":"2021-12-06T08:46:12","date_gmt":"2021-12-06T11:46:12","guid":{"rendered":"https:\/\/eldiariodesanpedro.com.ar\/sitio\/?p=101906"},"modified":"2021-12-06T08:46:14","modified_gmt":"2021-12-06T11:46:14","slug":"frutos-de-la-tierra-y-el-rio-de-navidad","status":"publish","type":"post","link":"https:\/\/eldiariodesanpedro.com.ar\/sitio\/frutos-de-la-tierra-y-el-rio-de-navidad\/","title":{"rendered":"Frutos de la tierra y el r\u00edo, de navidad"},"content":{"rendered":"<!-- VideographyWP Plugin Message: Automatic video embedding prevented by plugin options. -->\n\n<p>Con una feria el s\u00e1bado 11 de diciembre, de 10 a 19 hs, la asociaci\u00f3n que integran productoras y productores familiares de San Pedro y Baradero, coronar\u00e1n un a\u00f1o que busc\u00f3 retomar el cl\u00e1sico encuentro directo con el consumidor. Aprovechando la prolongaci\u00f3n de la luz, se extender\u00e1 hasta las 19 hs y ser\u00e1 en Hip\u00f3lito Yrigoyen entre Mitre y Pellegrini, frente a Plaza Constituci\u00f3n.<\/p>\n\n\n\n<p>Ser\u00e1 la cuarta del a\u00f1o, y con la propuesta de que los regalos de navidad sean producto directo de la producci\u00f3n total. Tras la suspensi\u00f3n casi total que supuso en 2020 (solo un evento, d\u00edas antes del parate de la pandemia), este 2021 fue retomando en abril con medidas, y luego ya en primavera con mayor tranquilidad para todos, aunque manteniendo las medidas preventivas necesarias.<\/p>\n\n\n\n<p>Habr\u00e1 productos habituales, y otros tematizados para poderse adaptar a los regalos de navidad. Como siempre habr\u00e1 hortalizas de estaci\u00f3n, huevos de gallinas libres, elaboraci\u00f3n de dulces, cosm\u00e9tica natural, surtido de plantas, cactus y suculentas, colgantes y otros productos con fieltro de lana de oveja, miel. La recomendaci\u00f3n es siempre llegar con su bolsa, y por supuesto, seguir las recomendaciones preventivas que se anunciar\u00e1n en el espacio.<\/p>\n\n\n\n<p>La Feria est\u00e1 autorizada por ordenanza 6322\/18. La Asociaci\u00f3n Civil Frutos de la tierra y el r\u00edo. Matr\u00edcula N\u00b045129, Resoluci\u00f3n DPPJ 7109, Inscripci\u00f3n 04\/09\/2018.<\/p>\n\n\n\n<p><strong>Con la comisi\u00f3n renovada<\/strong><br>El 2021 tambi\u00e9n ha permitido concretar la asamblea suspendida por la pandemia, como pas\u00f3 en la mayor\u00eda de las organizaciones. El 30 de noviembre se renov\u00f3 la Comisi\u00f3n por un a\u00f1o y as\u00ed se alcanz\u00f3 un nuevo\u00a0 moj\u00f3n para \u00abFrutos de la tierra y el r\u00edo\u00bb.\u00a0<br>\u00a0<br>En la\u00a0 Asamblea pudieron ponerse al d\u00eda, aprobar la memoria y balance 2019-2020 y definir los pasos para el 2022. Se defini\u00f3 realizar una \u00faltima feria del 2021 el 11 de diciembre. En febrero espera definirse el cronograma anual de ferias a la espera de poder volver a repetir los 5 o 6 encuentros anuales. En julio-agosto deber\u00e1 renovarse la comisi\u00f3n en una nueva asamblea.\u00a0<\/p>\n","protected":false},"excerpt":{"rendered":"<p>Con una feria el s\u00e1bado 11 de diciembre, de 10 a 19 hs, la asociaci\u00f3n que integran productoras y productores familiares de San Pedro y Baradero, coronar\u00e1n un a\u00f1o que busc\u00f3 retomar el cl\u00e1sico encuentro directo con el consumidor. Aprovechando la prolongaci\u00f3n de la luz, se extender\u00e1 hasta las 19 hs y ser\u00e1 en Hip\u00f3lito [&hellip;]<\/p>\n","protected":false},"author":4,"featured_media":101907,"comment_status":"closed","ping_status":"closed","sticky":false,"template":"","format":"standard","meta":{"om_disable_all_campaigns":false,"_jetpack_memberships_contains_paid_content":false,"footnotes":""},"categories":[101,2],"tags":[],"class_list":["post-101906","post","type-post","status-publish","format-standard","has-post-thumbnail","hentry","category-interes-general-locales","category-locales"],"aioseo_notices":[],"gutentor_comment":0,"jetpack_featured_media_url":"https:\/\/eldiariodesanpedro.com.ar\/sitio\/wp-content\/uploads\/2021\/12\/e3c6bbb7-7391-693c-d520-3158840b11d2.jpg","jetpack_shortlink":"https:\/\/wp.me\/p6RhLt-qvE","jetpack_sharing_enabled":true,"_links":{"self":[{"href":"https:\/\/eldiariodesanpedro.com.ar\/sitio\/wp-json\/wp\/v2\/posts\/101906","targetHints":{"allow":["GET"]}}],"collection":[{"href":"https:\/\/eldiariodesanpedro.com.ar\/sitio\/wp-json\/wp\/v2\/posts"}],"about":[{"href":"https:\/\/eldiariodesanpedro.com.ar\/sitio\/wp-json\/wp\/v2\/types\/post"}],"author":[{"embeddable":true,"href":"https:\/\/eldiariodesanpedro.com.ar\/sitio\/wp-json\/wp\/v2\/users\/4"}],"replies":[{"embeddable":true,"href":"https:\/\/eldiariodesanpedro.com.ar\/sitio\/wp-json\/wp\/v2\/comments?post=101906"}],"version-history":[{"count":1,"href":"https:\/\/eldiariodesanpedro.com.ar\/sitio\/wp-json\/wp\/v2\/posts\/101906\/revisions"}],"predecessor-version":[{"id":101908,"href":"https:\/\/eldiariodesanpedro.com.ar\/sitio\/wp-json\/wp\/v2\/posts\/101906\/revisions\/101908"}],"wp:featuredmedia":[{"embeddable":true,"href":"https:\/\/eldiariodesanpedro.com.ar\/sitio\/wp-json\/wp\/v2\/media\/101907"}],"wp:attachment":[{"href":"https:\/\/eldiariodesanpedro.com.ar\/sitio\/wp-json\/wp\/v2\/media?parent=101906"}],"wp:term":[{"taxonomy":"category","embeddable":true,"href":"https:\/\/eldiariodesanpedro.com.ar\/sitio\/wp-json\/wp\/v2\/categories?post=101906"},{"taxonomy":"post_tag","embeddable":true,"href":"https:\/\/eldiariodesanpedro.com.ar\/sitio\/wp-json\/wp\/v2\/tags?post=101906"}],"curies":[{"name":"wp","href":"https:\/\/api.w.org\/{rel}","templated":true}]}}