{"id":101901,"date":"2021-12-04T19:31:38","date_gmt":"2021-12-04T22:31:38","guid":{"rendered":"https:\/\/eldiariodesanpedro.com.ar\/sitio\/?p=101901"},"modified":"2021-12-04T19:31:39","modified_gmt":"2021-12-04T22:31:39","slug":"en-san-pedro-se-implementara-el-sistema-sube","status":"publish","type":"post","link":"https:\/\/eldiariodesanpedro.com.ar\/sitio\/en-san-pedro-se-implementara-el-sistema-sube\/","title":{"rendered":"En San Pedro se implementar\u00e1 el sistema Sube"},"content":{"rendered":"<!-- VideographyWP Plugin Message: Automatic video embedding prevented by plugin options. -->\n\n<p>Se trata de la ciudad n\u00famero 45 de todo el pa\u00eds en donde a partir de esta medida, desde la pr\u00f3xima semana se viajar\u00e1 de manera m\u00e1s sencilla y moderna, beneficiando a m\u00e1s de 47 mil habitantes de la regi\u00f3n. Contar\u00e1n con un centro de atenci\u00f3n SUBE, 18 terminales autom\u00e1ticas y 14 puntos de carga operativos.<\/p>\n\n\n\n<p>Con el objetivo de mejorar el acceso y la conectividad a todas las personas que utilizan diariamente el transporte p\u00fablico, el Ministerio de Transporte de la Naci\u00f3n, que conduce Alexis Guerrera, incorporar\u00e1 desde el 6 de diciembre en la ciudad bonaerense de San Pedro el sistema SUBE, que beneficiar\u00e1 a m\u00e1s de 12 mil usuarios y usuarias. Se instalar\u00e1 un centro de atenci\u00f3n SUBE en la ciudad, 18 terminales autom\u00e1ticas y 14 puntos de carga operativos.<\/p>\n\n\n\n<p>Tras el anuncio de la implementaci\u00f3n, el ministro de Transporte de la Naci\u00f3n, Alexis Guerrera, expres\u00f3: \u201cSan Pedro es la ciudad n\u00famero 45 en sumarse a esta tecnolog\u00eda que hace que el sistema de colectivos sea m\u00e1s moderno, m\u00e1s \u00e1gil, m\u00e1s seguro y que ampl\u00eda derechos, porque las y los vecinos que lo necesitan acceden a la tarifa social de manera m\u00e1s f\u00e1cil. Y tambi\u00e9n es una herramienta de gesti\u00f3n que le brinda informaci\u00f3n al Estado en tiempo real para seguir mejorando el transporte y la calidad de vida de las personas que lo usan todos los d\u00edas para viajar\u201d.<\/p>\n\n\n\n<p>Se prev\u00e9 un per\u00edodo de adaptaci\u00f3n de 120 d\u00edas con el actual sistema implementado por las compa\u00f1\u00edas de transporte en San Pedro. La llegada de la tarjeta SUBE tiene como objetivo beneficiar a 12 mil usuarios y usuarias, facilitando la forma de pago del transporte p\u00fablico, sum\u00e1ndose a gran parte de las localidades del pa\u00eds que ya cuentan con el sistema operativo, evitando el uso de efectivo para abonar el boleto de transporte. Adem\u00e1s, permite recopilar y desagregar informaci\u00f3n de viajes para su an\u00e1lisis y lograr mejoras significativas en pol\u00edticas p\u00fablicas de movilidad. Asimismo, es importante destacar que las y los vecinos que sean beneficiarios de la Tarifa Social podr\u00e1n adherirse para obtener el correspondiente descuento en el boleto del transporte p\u00fablico.<\/p>\n\n\n\n<p>A nivel nacional, a trav\u00e9s del Plan de Modernizaci\u00f3n del Transporte que el Gobierno Nacional desarrolla en todo el pa\u00eds, el sistema SUBE ya funciona en otras 44 localidades: Jujuy (Palpal\u00e1 y San Salvador de Jujuy); Formosa (Formosa); Chaco (Resistencia y Roque S\u00e1enz Pe\u00f1a); Catamarca (San Fernando del Valle de Catamarca); Santa Fe (Santa Fe de la Vera Cruz, Venado Tuerto, Reconquista y Rafaela); Corrientes (Corrientes); Entre R\u00edos (Paran\u00e1, Gualeguaych\u00fa y Concordia); San Juan (San Juan); San Luis (San Luis); C\u00f3rdoba (Villa Allende); Buenos Aires (Arrecifes, Mar del Plata, Partido de la Costa, Pinamar, Villa Gesell, Olavarr\u00eda, Necochea, Bah\u00eda Blanca, San Nicol\u00e1s de los Arroyos, Pergamino, Jun\u00edn, Coronel Rosales y Balcarce); Mendoza (Mendoza, Gran Mendoza -tambi\u00e9n tranv\u00eda y troleb\u00fas- y San Rafael); La Pampa (Santa Rosa y General Pico); Neuqu\u00e9n (Neuqu\u00e9n y San Mart\u00edn de los Andes); R\u00edo Negro (Viedma; San Carlos de Bariloche y Cipolletti) y Chubut (Comodoro Rivadavia, Trelew y Rawson); Tierra del Fuego (Ushuaia y R\u00edo Grande).<\/p>\n\n\n\n<p>Desde su lanzamiento, el sistema SUBE se convirti\u00f3 en un ejemplo de pol\u00edtica transversal al servicio del pasajero y actualmente, en el marco del Plan de Modernizaci\u00f3n del Transporte, el ministro Guerrera tiene como objetivo lograr un alcance cada vez m\u00e1s federal, llegando a las diferentes ciudades del pa\u00eds para beneficiar a todos los argentinos y argentinas.<\/p>\n\n\n\n<p>C\u00d3MO OBTENER Y COMENZAR A UTILIZAR SUBE<\/p>\n\n\n\n<p>Desde la web argentina.gob.ar\/SUBE se puede acceder de manera muy sencilla y r\u00e1pida a informaci\u00f3n sobre c\u00f3mo conseguir, registrar, cargar y otros beneficios de la tarjeta SUBE. Es importante destacar que una vez adquirida la tarjeta SUBE, debe ser registrada de manera online para poder acceder a beneficios como la recuperaci\u00f3n del saldo vigente en caso de extrav\u00edo o hurto de la tarjeta, tramitar la tarifa social en caso que corresponda, ver los \u00faltimos movimientos, entre otras.<\/p>\n\n\n\n<p>C\u00d3MO REALIZAR LA CARGA<\/p>\n\n\n\n<p>Presencialmente, se puede cargar en los \u201cPuntos SUBE\u201d que se encuentran disponibles y actualizados en la web argentina.gob.ar\/SUBE, y est\u00e1n distribuidos en todo el pa\u00eds permitiendo acreditar cargas electr\u00f3nicas, aplicar descuentos y consultar saldo. De manera electr\u00f3nica, el usuario puede proceder a la carga de la tarjeta SUBE con tarjeta de d\u00e9bito o cr\u00e9dito en cualquier horario y lugar desde un celular, computadora o cajero autom\u00e1tico, a trav\u00e9s del homebanking o aplicaciones de pago.<\/p>\n\n\n\n<p>C\u00d3MO ACREDITAR LA CARGA VIRTUAL<\/p>\n\n\n\n<p>Luego de realizada la compra de la carga virtual, el o la usuaria deber\u00e1 acreditar la carga. Desde el celular, existen dos opciones: con la aplicaci\u00f3n \u201cCarga SUBE\u201d (disponible forma gratuita en Google Playstore) con tan solo apoyar la tarjeta detr\u00e1s del celular o quienes no cuenten con la app pueden adquirir un dispositivo de conexi\u00f3n m\u00f3vil que permitir\u00e1 acreditar la carga. Como tercera opci\u00f3n, la acreditaci\u00f3n de carga puede realizarse desde las Terminales Autom\u00e1ticas ubicadas en espacios p\u00fablicos.&nbsp;<\/p>\n\n\n\n<p>Para consultas se encuentran disponibles los canales de atenci\u00f3n en Twitter @tarjetaSUBEok y Facebook \u201cTarjeta SUBE\u201d.<\/p>\n\n\n\n<p>TRANSPORTE Y G\u00c9NERO<\/p>\n\n\n\n<p>Con eje en las pol\u00edticas de concientizaci\u00f3n y en trabajo mancomunado, los ministerios de Transporte y Mujeres, G\u00e9neros y Diversidad, lanzaron la nueva tarjeta SUBE para todo el pa\u00eds, que cuenta con informaci\u00f3n sobre los canales de contenci\u00f3n y asesoramiento en casos de violencia por motivos de g\u00e9nero. De esta manera, se ampl\u00eda la campa\u00f1a de la l\u00ednea 144 a partir de un medio de extensa llegada como es la tarjeta para el transporte p\u00fablico.<\/p>\n\n\n\n<p>Se trata de una de las tantas acciones que se impulsaron desde Transporte, como lo fue anteriormente el ploteo en trenes de carga y pasajeros con la l\u00ednea 144 para su difusi\u00f3n en el pa\u00eds.<\/p>\n","protected":false},"excerpt":{"rendered":"<p>Se trata de la ciudad n\u00famero 45 de todo el pa\u00eds en donde a partir de esta medida, desde la pr\u00f3xima semana se viajar\u00e1 de manera m\u00e1s sencilla y moderna, beneficiando a m\u00e1s de 47 mil habitantes de la regi\u00f3n. Contar\u00e1n con un centro de atenci\u00f3n SUBE, 18 terminales autom\u00e1ticas y 14 puntos de carga [&hellip;]<\/p>\n","protected":false},"author":4,"featured_media":101902,"comment_status":"closed","ping_status":"closed","sticky":false,"template":"","format":"standard","meta":{"om_disable_all_campaigns":false,"_jetpack_memberships_contains_paid_content":false,"footnotes":""},"categories":[50,101,2],"tags":[],"class_list":["post-101901","post","type-post","status-publish","format-standard","has-post-thumbnail","hentry","category-destacadas","category-interes-general-locales","category-locales"],"aioseo_notices":[],"gutentor_comment":0,"jetpack_featured_media_url":"https:\/\/eldiariodesanpedro.com.ar\/sitio\/wp-content\/uploads\/2021\/12\/0000020536-resized-1920x1080-1.jpg","jetpack_shortlink":"https:\/\/wp.me\/p6RhLt-qvz","jetpack_sharing_enabled":true,"_links":{"self":[{"href":"https:\/\/eldiariodesanpedro.com.ar\/sitio\/wp-json\/wp\/v2\/posts\/101901","targetHints":{"allow":["GET"]}}],"collection":[{"href":"https:\/\/eldiariodesanpedro.com.ar\/sitio\/wp-json\/wp\/v2\/posts"}],"about":[{"href":"https:\/\/eldiariodesanpedro.com.ar\/sitio\/wp-json\/wp\/v2\/types\/post"}],"author":[{"embeddable":true,"href":"https:\/\/eldiariodesanpedro.com.ar\/sitio\/wp-json\/wp\/v2\/users\/4"}],"replies":[{"embeddable":true,"href":"https:\/\/eldiariodesanpedro.com.ar\/sitio\/wp-json\/wp\/v2\/comments?post=101901"}],"version-history":[{"count":1,"href":"https:\/\/eldiariodesanpedro.com.ar\/sitio\/wp-json\/wp\/v2\/posts\/101901\/revisions"}],"predecessor-version":[{"id":101903,"href":"https:\/\/eldiariodesanpedro.com.ar\/sitio\/wp-json\/wp\/v2\/posts\/101901\/revisions\/101903"}],"wp:featuredmedia":[{"embeddable":true,"href":"https:\/\/eldiariodesanpedro.com.ar\/sitio\/wp-json\/wp\/v2\/media\/101902"}],"wp:attachment":[{"href":"https:\/\/eldiariodesanpedro.com.ar\/sitio\/wp-json\/wp\/v2\/media?parent=101901"}],"wp:term":[{"taxonomy":"category","embeddable":true,"href":"https:\/\/eldiariodesanpedro.com.ar\/sitio\/wp-json\/wp\/v2\/categories?post=101901"},{"taxonomy":"post_tag","embeddable":true,"href":"https:\/\/eldiariodesanpedro.com.ar\/sitio\/wp-json\/wp\/v2\/tags?post=101901"}],"curies":[{"name":"wp","href":"https:\/\/api.w.org\/{rel}","templated":true}]}}