{"id":101895,"date":"2021-12-04T19:18:00","date_gmt":"2021-12-04T22:18:00","guid":{"rendered":"https:\/\/eldiariodesanpedro.com.ar\/sitio\/?p=101895"},"modified":"2021-12-04T19:18:02","modified_gmt":"2021-12-04T22:18:02","slug":"joven-fallecio-en-un-tragico-accidente-laboral","status":"publish","type":"post","link":"https:\/\/eldiariodesanpedro.com.ar\/sitio\/joven-fallecio-en-un-tragico-accidente-laboral\/","title":{"rendered":"Joven falleci\u00f3 en un tr\u00e1gico accidente laboral"},"content":{"rendered":"<!-- VideographyWP Plugin Message: Automatic video embedding prevented by plugin options. -->\n\n<p>Un mec\u00e1nico de 25 a\u00f1os muri\u00f3 este jueves luego de quedar bajo las ruedas del cami\u00f3n que estaba arreglando. Sucedi\u00f3 en un taller de la calle Lavalle al 1100.<\/p>\n\n\n\n<p>Un joven de 25 a\u00f1os identificado como Franco Rodr\u00edguez falleci\u00f3 este jueves cuando se encontraba trabajando como mec\u00e1nico en un cami\u00f3n que hab\u00eda sufrido un desperfecto.<\/p>\n\n\n\n<p>El tragico accidente se produjo cuando el cami\u00f3n se encontraba en un taller de chapa y pintura ubicado en Lavalle al 1100 y se convoc\u00f3 al joven para reparar un inconveniente el\u00e9ctrico que se hab\u00eda originado sobre el rodado.<\/p>\n\n\n\n<p>Rodr\u00edguez comenz\u00f3 a trabajar sobre la parte superior del veh\u00edculo pero no advirti\u00f3 que se encontraba en cambio y cuando hizo contacto el cami\u00f3n se puso en marca y arroll\u00f3 al joven que muri\u00f3 en el acto. Adem\u00e1s el rodado impact\u00f3 contra otros dos veh\u00edculos que se encontraban estacionados delante suyo.<\/p>\n\n\n\n<p>Seg\u00fan contaron vecinos el malogrado joven trabajaba en un taller mec\u00e1nico cercano al lugar del accidente desde hace dos meses aproximadamente.<\/p>\n","protected":false},"excerpt":{"rendered":"<p>Un mec\u00e1nico de 25 a\u00f1os muri\u00f3 este jueves luego de quedar bajo las ruedas del cami\u00f3n que estaba arreglando. Sucedi\u00f3 en un taller de la calle Lavalle al 1100. Un joven de 25 a\u00f1os identificado como Franco Rodr\u00edguez falleci\u00f3 este jueves cuando se encontraba trabajando como mec\u00e1nico en un cami\u00f3n que hab\u00eda sufrido un desperfecto. [&hellip;]<\/p>\n","protected":false},"author":4,"featured_media":101896,"comment_status":"closed","ping_status":"closed","sticky":false,"template":"","format":"standard","meta":{"om_disable_all_campaigns":false,"_jetpack_memberships_contains_paid_content":false,"footnotes":""},"categories":[50,2,103],"tags":[],"class_list":["post-101895","post","type-post","status-publish","format-standard","has-post-thumbnail","hentry","category-destacadas","category-locales","category-policiales-locales"],"aioseo_notices":[],"gutentor_comment":0,"jetpack_featured_media_url":"https:\/\/eldiariodesanpedro.com.ar\/sitio\/wp-content\/uploads\/2021\/12\/0000020534-resized-1920x1080-1.jpg","jetpack_shortlink":"https:\/\/wp.me\/p6RhLt-qvt","jetpack_sharing_enabled":true,"_links":{"self":[{"href":"https:\/\/eldiariodesanpedro.com.ar\/sitio\/wp-json\/wp\/v2\/posts\/101895","targetHints":{"allow":["GET"]}}],"collection":[{"href":"https:\/\/eldiariodesanpedro.com.ar\/sitio\/wp-json\/wp\/v2\/posts"}],"about":[{"href":"https:\/\/eldiariodesanpedro.com.ar\/sitio\/wp-json\/wp\/v2\/types\/post"}],"author":[{"embeddable":true,"href":"https:\/\/eldiariodesanpedro.com.ar\/sitio\/wp-json\/wp\/v2\/users\/4"}],"replies":[{"embeddable":true,"href":"https:\/\/eldiariodesanpedro.com.ar\/sitio\/wp-json\/wp\/v2\/comments?post=101895"}],"version-history":[{"count":1,"href":"https:\/\/eldiariodesanpedro.com.ar\/sitio\/wp-json\/wp\/v2\/posts\/101895\/revisions"}],"predecessor-version":[{"id":101897,"href":"https:\/\/eldiariodesanpedro.com.ar\/sitio\/wp-json\/wp\/v2\/posts\/101895\/revisions\/101897"}],"wp:featuredmedia":[{"embeddable":true,"href":"https:\/\/eldiariodesanpedro.com.ar\/sitio\/wp-json\/wp\/v2\/media\/101896"}],"wp:attachment":[{"href":"https:\/\/eldiariodesanpedro.com.ar\/sitio\/wp-json\/wp\/v2\/media?parent=101895"}],"wp:term":[{"taxonomy":"category","embeddable":true,"href":"https:\/\/eldiariodesanpedro.com.ar\/sitio\/wp-json\/wp\/v2\/categories?post=101895"},{"taxonomy":"post_tag","embeddable":true,"href":"https:\/\/eldiariodesanpedro.com.ar\/sitio\/wp-json\/wp\/v2\/tags?post=101895"}],"curies":[{"name":"wp","href":"https:\/\/api.w.org\/{rel}","templated":true}]}}