{"id":101892,"date":"2021-12-04T19:09:42","date_gmt":"2021-12-04T22:09:42","guid":{"rendered":"https:\/\/eldiariodesanpedro.com.ar\/sitio\/?p=101892"},"modified":"2021-12-04T19:09:44","modified_gmt":"2021-12-04T22:09:44","slug":"carlos-garcia-es-el-nuevo-director-de-automotores-de-la-municipalidad-de-san-pedro","status":"publish","type":"post","link":"https:\/\/eldiariodesanpedro.com.ar\/sitio\/carlos-garcia-es-el-nuevo-director-de-automotores-de-la-municipalidad-de-san-pedro\/","title":{"rendered":"Carlos Garc\u00eda es el nuevo Director de Automotores de la municipalidad de San Pedro"},"content":{"rendered":"<!-- VideographyWP Plugin Message: Automatic video embedding prevented by plugin options. -->\n\n<p>El ex presidente de la Liga Deportiva Sampedrina asumi\u00f3 este primero de diciembre en el mismo \u00e1rea que ya hab\u00eda estado durante la gesti\u00f3n de Fabio Giovanettoni como Intendente.<\/p>\n\n\n\n<p>El gabinete del Intendente Cecilio Salazar suma a un nuevo integrante. Desde este mi\u00e9rcoles el ex presidente de la Liga Deportiva Sampedrina, Carlos Garc\u00eda, regresa al ruedo pol\u00edtico como flamante Director de Automotores de la Municipalidad de San Pedro.<\/p>\n\n\n\n<p>Es el mismo cargo que el funcionario ya hab\u00eda ocupado durante la permanencia de Fabio Giovanettoni en la intendencia, aunque previamente se desempe\u00f1\u00f3 como Secretario de Desarrollo Humano mientras Pablo Guacone fue Intendente.<\/p>\n","protected":false},"excerpt":{"rendered":"<p>El ex presidente de la Liga Deportiva Sampedrina asumi\u00f3 este primero de diciembre en el mismo \u00e1rea que ya hab\u00eda estado durante la gesti\u00f3n de Fabio Giovanettoni como Intendente. El gabinete del Intendente Cecilio Salazar suma a un nuevo integrante. Desde este mi\u00e9rcoles el ex presidente de la Liga Deportiva Sampedrina, Carlos Garc\u00eda, regresa al [&hellip;]<\/p>\n","protected":false},"author":4,"featured_media":101893,"comment_status":"closed","ping_status":"closed","sticky":false,"template":"","format":"standard","meta":{"om_disable_all_campaigns":false,"_jetpack_memberships_contains_paid_content":false,"footnotes":""},"categories":[101,2],"tags":[],"class_list":["post-101892","post","type-post","status-publish","format-standard","has-post-thumbnail","hentry","category-interes-general-locales","category-locales"],"aioseo_notices":[],"gutentor_comment":0,"jetpack_featured_media_url":"https:\/\/eldiariodesanpedro.com.ar\/sitio\/wp-content\/uploads\/2021\/12\/0000020533-resized-1920x1080-1.jpg","jetpack_shortlink":"https:\/\/wp.me\/p6RhLt-qvq","jetpack_sharing_enabled":true,"_links":{"self":[{"href":"https:\/\/eldiariodesanpedro.com.ar\/sitio\/wp-json\/wp\/v2\/posts\/101892","targetHints":{"allow":["GET"]}}],"collection":[{"href":"https:\/\/eldiariodesanpedro.com.ar\/sitio\/wp-json\/wp\/v2\/posts"}],"about":[{"href":"https:\/\/eldiariodesanpedro.com.ar\/sitio\/wp-json\/wp\/v2\/types\/post"}],"author":[{"embeddable":true,"href":"https:\/\/eldiariodesanpedro.com.ar\/sitio\/wp-json\/wp\/v2\/users\/4"}],"replies":[{"embeddable":true,"href":"https:\/\/eldiariodesanpedro.com.ar\/sitio\/wp-json\/wp\/v2\/comments?post=101892"}],"version-history":[{"count":1,"href":"https:\/\/eldiariodesanpedro.com.ar\/sitio\/wp-json\/wp\/v2\/posts\/101892\/revisions"}],"predecessor-version":[{"id":101894,"href":"https:\/\/eldiariodesanpedro.com.ar\/sitio\/wp-json\/wp\/v2\/posts\/101892\/revisions\/101894"}],"wp:featuredmedia":[{"embeddable":true,"href":"https:\/\/eldiariodesanpedro.com.ar\/sitio\/wp-json\/wp\/v2\/media\/101893"}],"wp:attachment":[{"href":"https:\/\/eldiariodesanpedro.com.ar\/sitio\/wp-json\/wp\/v2\/media?parent=101892"}],"wp:term":[{"taxonomy":"category","embeddable":true,"href":"https:\/\/eldiariodesanpedro.com.ar\/sitio\/wp-json\/wp\/v2\/categories?post=101892"},{"taxonomy":"post_tag","embeddable":true,"href":"https:\/\/eldiariodesanpedro.com.ar\/sitio\/wp-json\/wp\/v2\/tags?post=101892"}],"curies":[{"name":"wp","href":"https:\/\/api.w.org\/{rel}","templated":true}]}}