{"id":101889,"date":"2021-12-04T18:24:41","date_gmt":"2021-12-04T21:24:41","guid":{"rendered":"https:\/\/eldiariodesanpedro.com.ar\/sitio\/?p=101889"},"modified":"2021-12-04T18:24:44","modified_gmt":"2021-12-04T21:24:44","slug":"daniel-churruarin-es-el-nuevo-presidente-de-la-camara-de-martilleros-de-san-pedro","status":"publish","type":"post","link":"https:\/\/eldiariodesanpedro.com.ar\/sitio\/daniel-churruarin-es-el-nuevo-presidente-de-la-camara-de-martilleros-de-san-pedro\/","title":{"rendered":"Daniel Churruar\u00edn es el nuevo presidente de la C\u00e1mara de Martilleros de San Pedro"},"content":{"rendered":"<!-- VideographyWP Plugin Message: Automatic video embedding prevented by plugin options. -->\n\n<p>Con la elecci\u00f3n de las nuevas autoridades comienza una nueva etapa adem\u00e1s de relevar diferentes temas sobre los que se ha venido trabajando se traz\u00f3 un plan para los pr\u00f3ximos meses.<\/p>\n\n\n\n<p>En la continuidad de las acciones para compartir actividades que fortalezcan al sector y permitan llevar adelante estrategias conjuntas para analizar todos los temas de inter\u00e9s para los profesionales y para el p\u00fablico en general, en la noche de este jueves 25 de noviembre qued\u00f3 conformada la comisi\u00f3n directiva de la C\u00e1mara de Martilleros y Corredores P\u00fablicos de San Pedro.<\/p>\n\n\n\n<p>En la reuni\u00f3n estuvieron presentes, los martilleros y corredores p\u00fablicos locales, Gustavo Gonz\u00e1lez Truyols, Carlos Luzzi, Juan Cruz Cacho, Elena Troilo, Ra\u00fal S\u00e1nchez&nbsp;Negrete, Jos\u00e9 S\u00e1nchez Negrete, Daniel Churruarin, Jos\u00e9 Cremona, Marta Hidalgo, Roberto Molteni, Alejandro Bennazar, Sandra Gerard, Pedro&nbsp;Daniel Navines, Lorena Tonelli, Jos\u00e9 Cremona, Silvia Trani, Noem\u00ed Bordoy, Guillermo Grimoldi y Marcos Penino.<\/p>\n\n\n\n<p><strong><em>Adem\u00e1s de relevar diferentes temas sobre los que se ha venido trabajando y trazar un plan para los pr\u00f3ximos meses se conform\u00f3 la Comisi\u00f3n Directiva, de la siguiente manera:<\/em><\/strong><\/p>\n\n\n\n<p><strong>Presidente <\/strong>Sergio Daniel Churruar\u00edn <br><strong>Vicepresidenta<\/strong> Noem\u00ed Bordoy <br><strong>Secretario<\/strong> Jos\u00e9 S\u00e1nchez Negrete <br><strong>Prosecretario<\/strong> Marta Hidalgo <br><strong>Tesorera<\/strong> Lorena Tonelli  <br><strong>Vocales titulares <\/strong> <br>Sandra Gerard <br>Juan Cruz Cacho <br>Carlos Luzzi <br>Ra\u00fal S\u00e1nchez Negrete <br>Guillermo Grimoldi <br>Jos\u00e9 Cremona<\/p>\n\n\n\n<p><strong>Vocales suplentes<\/strong> <br>Silvia Trani <br>Alejandro Bennazar <br>Florencio Yabas <br>Revisor de cuentas <br>Pedro Daniel Navines <br>Gustavo Gonz\u00e1les Truyols<img decoding=\"async\" alt=\"\" src=\"https:\/\/www.sanpedroinforma.com.ar\/visitas\/124636\"><\/p>\n","protected":false},"excerpt":{"rendered":"<p>Con la elecci\u00f3n de las nuevas autoridades comienza una nueva etapa adem\u00e1s de relevar diferentes temas sobre los que se ha venido trabajando se traz\u00f3 un plan para los pr\u00f3ximos meses. En la continuidad de las acciones para compartir actividades que fortalezcan al sector y permitan llevar adelante estrategias conjuntas para analizar todos los temas [&hellip;]<\/p>\n","protected":false},"author":4,"featured_media":101890,"comment_status":"closed","ping_status":"closed","sticky":false,"template":"","format":"standard","meta":{"om_disable_all_campaigns":false,"_jetpack_memberships_contains_paid_content":false,"footnotes":""},"categories":[50,101,2],"tags":[],"class_list":["post-101889","post","type-post","status-publish","format-standard","has-post-thumbnail","hentry","category-destacadas","category-interes-general-locales","category-locales"],"aioseo_notices":[],"gutentor_comment":0,"jetpack_featured_media_url":"https:\/\/eldiariodesanpedro.com.ar\/sitio\/wp-content\/uploads\/2021\/12\/0000020526-resized-1920x1080-1.jpeg","jetpack_shortlink":"https:\/\/wp.me\/p6RhLt-qvn","jetpack_sharing_enabled":true,"_links":{"self":[{"href":"https:\/\/eldiariodesanpedro.com.ar\/sitio\/wp-json\/wp\/v2\/posts\/101889","targetHints":{"allow":["GET"]}}],"collection":[{"href":"https:\/\/eldiariodesanpedro.com.ar\/sitio\/wp-json\/wp\/v2\/posts"}],"about":[{"href":"https:\/\/eldiariodesanpedro.com.ar\/sitio\/wp-json\/wp\/v2\/types\/post"}],"author":[{"embeddable":true,"href":"https:\/\/eldiariodesanpedro.com.ar\/sitio\/wp-json\/wp\/v2\/users\/4"}],"replies":[{"embeddable":true,"href":"https:\/\/eldiariodesanpedro.com.ar\/sitio\/wp-json\/wp\/v2\/comments?post=101889"}],"version-history":[{"count":1,"href":"https:\/\/eldiariodesanpedro.com.ar\/sitio\/wp-json\/wp\/v2\/posts\/101889\/revisions"}],"predecessor-version":[{"id":101891,"href":"https:\/\/eldiariodesanpedro.com.ar\/sitio\/wp-json\/wp\/v2\/posts\/101889\/revisions\/101891"}],"wp:featuredmedia":[{"embeddable":true,"href":"https:\/\/eldiariodesanpedro.com.ar\/sitio\/wp-json\/wp\/v2\/media\/101890"}],"wp:attachment":[{"href":"https:\/\/eldiariodesanpedro.com.ar\/sitio\/wp-json\/wp\/v2\/media?parent=101889"}],"wp:term":[{"taxonomy":"category","embeddable":true,"href":"https:\/\/eldiariodesanpedro.com.ar\/sitio\/wp-json\/wp\/v2\/categories?post=101889"},{"taxonomy":"post_tag","embeddable":true,"href":"https:\/\/eldiariodesanpedro.com.ar\/sitio\/wp-json\/wp\/v2\/tags?post=101889"}],"curies":[{"name":"wp","href":"https:\/\/api.w.org\/{rel}","templated":true}]}}