{"id":101885,"date":"2021-12-03T15:56:12","date_gmt":"2021-12-03T18:56:12","guid":{"rendered":"https:\/\/eldiariodesanpedro.com.ar\/sitio\/?p=101885"},"modified":"2021-12-03T15:56:14","modified_gmt":"2021-12-03T18:56:14","slug":"edicto-rivadeneira-hugo-miguel-y-scazzariello-nancy-hilda-c-ribatto-norberto-s-prescripcion-adquisitiva-vicenal-usucapion","status":"publish","type":"post","link":"https:\/\/eldiariodesanpedro.com.ar\/sitio\/edicto-rivadeneira-hugo-miguel-y-scazzariello-nancy-hilda-c-ribatto-norberto-s-prescripcion-adquisitiva-vicenal-usucapion\/","title":{"rendered":"Edicto Rivadeneira Hugo Miguel y Scazzariello Nancy Hilda C\/ Ribatto Norberto S\/ Prescripcion Adquisitiva Vicenal\/Usucapion"},"content":{"rendered":"<!-- VideographyWP Plugin Message: Automatic video embedding prevented by plugin options. -->\n\n<p>El Dr. Jos\u00e9 Ignacio MACCHIA, Juez de Paz Letrado de San Pedro, en autos <strong>\u201cRIVADENEIRA HUGO MIGUEL Y SCAZZARIELLO NANCY HILDA C\/ RIBATTO NORBERTO S\/ PRESCRIPCION ADQUISITIVA VICENAL\/USUCAPION\u201d<\/strong> (Expte. N\u00ba 30000), que tramita por ante el Juzgado de Paz Letrado de San Pedro, Secretar\u00eda Unica a cargo del Dr. Facundo Vell\u00f3n, cita a los Sres. <strong>EDUARDO RIBATTO, ENRIQUE RIBATTO, NORBERTO RIBATTO y RICARDO RIBATTO<\/strong> y\/o sus herederos y\/o quienes se consideren con derechos al inmueble que se intenta prescribir cuyos datos,<strong> seg\u00fan plano n\u00ba 99-6-2017, son: NOMENCLATURA CATASTRAL: Circ-I, Secc-K, Manz-490, Parc-32, PARTIDA INMOBILIARIA: 099-13627, DOMINIO n\u00ba: N\u00ba 330 del a\u00f1o 1948 del Registro del Ptdo. de San Pedro<\/strong>, ubicado dentro de la manzana delimitada por las calles Am\u00e9rica, Basavilbaso, Arist\u00f3bulo del Valle y Manuel Molina, para que dentro del plazo de diez (10) d\u00edas comparezcan a estos autos a estar a derecho bajo apercibimiento de que si no lo hicieren se nombrar\u00e1 Defensor Oficial para que los represente (arts. 681 y 682 CPCC).- SAN PEDRO, 23 de Noviembre de 2021\u201d.-<\/p>\n\n\n\n<p>FACUNDO VELL\u00d3N<br>ABOGADO SECRETARIO<\/p>\n\n\n\n<p>(publicaci\u00f3n equivalente a los d\u00edas 03 y 04&nbsp; de diciembre)<\/p>\n","protected":false},"excerpt":{"rendered":"<p>El Dr. Jos\u00e9 Ignacio MACCHIA, Juez de Paz Letrado de San Pedro, en autos \u201cRIVADENEIRA HUGO MIGUEL Y SCAZZARIELLO NANCY HILDA C\/ RIBATTO NORBERTO S\/ PRESCRIPCION ADQUISITIVA VICENAL\/USUCAPION\u201d (Expte. N\u00ba 30000), que tramita por ante el Juzgado de Paz Letrado de San Pedro, Secretar\u00eda Unica a cargo del Dr. Facundo Vell\u00f3n, cita a los Sres. [&hellip;]<\/p>\n","protected":false},"author":4,"featured_media":81115,"comment_status":"closed","ping_status":"closed","sticky":false,"template":"","format":"standard","meta":{"om_disable_all_campaigns":false,"_jetpack_memberships_contains_paid_content":false,"footnotes":""},"categories":[676,1124],"tags":[197,1121,1355,19],"class_list":["post-101885","post","type-post","status-publish","format-standard","has-post-thumbnail","hentry","category-edictos","category-edictos-especiales","tag-buenos-aires","tag-edicto","tag-judiciales","tag-san-pedro"],"aioseo_notices":[],"gutentor_comment":0,"jetpack_featured_media_url":"https:\/\/eldiariodesanpedro.com.ar\/sitio\/wp-content\/uploads\/2020\/09\/Poder-Judicial.jpg","jetpack_shortlink":"https:\/\/wp.me\/p6RhLt-qvj","jetpack_sharing_enabled":true,"_links":{"self":[{"href":"https:\/\/eldiariodesanpedro.com.ar\/sitio\/wp-json\/wp\/v2\/posts\/101885","targetHints":{"allow":["GET"]}}],"collection":[{"href":"https:\/\/eldiariodesanpedro.com.ar\/sitio\/wp-json\/wp\/v2\/posts"}],"about":[{"href":"https:\/\/eldiariodesanpedro.com.ar\/sitio\/wp-json\/wp\/v2\/types\/post"}],"author":[{"embeddable":true,"href":"https:\/\/eldiariodesanpedro.com.ar\/sitio\/wp-json\/wp\/v2\/users\/4"}],"replies":[{"embeddable":true,"href":"https:\/\/eldiariodesanpedro.com.ar\/sitio\/wp-json\/wp\/v2\/comments?post=101885"}],"version-history":[{"count":1,"href":"https:\/\/eldiariodesanpedro.com.ar\/sitio\/wp-json\/wp\/v2\/posts\/101885\/revisions"}],"predecessor-version":[{"id":101886,"href":"https:\/\/eldiariodesanpedro.com.ar\/sitio\/wp-json\/wp\/v2\/posts\/101885\/revisions\/101886"}],"wp:featuredmedia":[{"embeddable":true,"href":"https:\/\/eldiariodesanpedro.com.ar\/sitio\/wp-json\/wp\/v2\/media\/81115"}],"wp:attachment":[{"href":"https:\/\/eldiariodesanpedro.com.ar\/sitio\/wp-json\/wp\/v2\/media?parent=101885"}],"wp:term":[{"taxonomy":"category","embeddable":true,"href":"https:\/\/eldiariodesanpedro.com.ar\/sitio\/wp-json\/wp\/v2\/categories?post=101885"},{"taxonomy":"post_tag","embeddable":true,"href":"https:\/\/eldiariodesanpedro.com.ar\/sitio\/wp-json\/wp\/v2\/tags?post=101885"}],"curies":[{"name":"wp","href":"https:\/\/api.w.org\/{rel}","templated":true}]}}