{"id":101871,"date":"2021-12-01T17:33:18","date_gmt":"2021-12-01T20:33:18","guid":{"rendered":"https:\/\/eldiariodesanpedro.com.ar\/sitio\/?p=101871"},"modified":"2021-12-01T17:34:29","modified_gmt":"2021-12-01T20:34:29","slug":"segundo-accidente-del-dia-y-donde-esta-involucrado-otro-mensajero","status":"publish","type":"post","link":"https:\/\/eldiariodesanpedro.com.ar\/sitio\/segundo-accidente-del-dia-y-donde-esta-involucrado-otro-mensajero\/","title":{"rendered":"Segundo accidente del d\u00eda y donde est\u00e1 involucrado otro mensajero"},"content":{"rendered":"<!-- VideographyWP Plugin Message: Automatic video embedding prevented by plugin options. -->\n\n<p>&nbsp;Este mediod\u00eda pasadas las 12:30 hs ocurri\u00f3 el segundo siniestro vial del d\u00eda donde otra vez se ve involucrado un mensajero en motocicleta que impact\u00f3 contra un autom\u00f3vil.<\/p>\n\n\n\n<p>Este mi\u00e9rcoles en horas del mediod\u00eda ocurri\u00f3 el accidente en calle Juan B. Justo y Almafuerte donde un motociclista mayor de edad que circulaba en un rodado 125 cc impacta contra un autom\u00f3vil Ford Fiesta color azul conducido por otro masculino.<\/p>\n\n\n\n<p>En el lugar se hizo presente una ambulancia del SAME para trasladar al conductor de la moto que tras ser revisado en el nosocomio local solo se determin\u00f3 que presentaba heridas de car\u00e1cter leve.<\/p>\n\n\n\n<p>Como ocurri\u00f3 en el accidente de la ma\u00f1ana donde estuvo involucrado otro mensajero tambi\u00e9n en este antes de la llegada de la polic\u00eda o inspecci\u00f3n escondieron ambos veh\u00edculos tanto la moto como el autom\u00f3vil.<\/p>\n\n\n\n<figure class=\"wp-block-image size-large\"><img decoding=\"async\" width=\"1024\" height=\"497\" data-attachment-id=\"101867\" data-permalink=\"https:\/\/eldiariodesanpedro.com.ar\/sitio\/motoquero-sin-casco-choco-un-perro-y-al-caer-choca-con-otro-mensajero-y-se-lastima-la-cabeza\/whatsapp-image-2021-12-01-at-17-13-15-2\/\" data-orig-file=\"https:\/\/eldiariodesanpedro.com.ar\/sitio\/wp-content\/uploads\/2021\/12\/WhatsApp-Image-2021-12-01-at-17.13.15-2.jpeg\" data-orig-size=\"1200,583\" data-comments-opened=\"0\" data-image-meta=\"{&quot;aperture&quot;:&quot;0&quot;,&quot;credit&quot;:&quot;&quot;,&quot;camera&quot;:&quot;&quot;,&quot;caption&quot;:&quot;&quot;,&quot;created_timestamp&quot;:&quot;0&quot;,&quot;copyright&quot;:&quot;&quot;,&quot;focal_length&quot;:&quot;0&quot;,&quot;iso&quot;:&quot;0&quot;,&quot;shutter_speed&quot;:&quot;0&quot;,&quot;title&quot;:&quot;&quot;,&quot;orientation&quot;:&quot;0&quot;}\" data-image-title=\"WhatsApp Image 2021-12-01 at 17.13.15 (2)\" data-image-description=\"\" data-image-caption=\"\" data-large-file=\"https:\/\/eldiariodesanpedro.com.ar\/sitio\/wp-content\/uploads\/2021\/12\/WhatsApp-Image-2021-12-01-at-17.13.15-2-1024x497.jpeg\" data-src=\"https:\/\/eldiariodesanpedro.com.ar\/sitio\/wp-content\/uploads\/2021\/12\/WhatsApp-Image-2021-12-01-at-17.13.15-2-1024x497.jpeg\" alt=\"\" class=\"wp-image-101867 lazyload\" data-srcset=\"https:\/\/eldiariodesanpedro.com.ar\/sitio\/wp-content\/uploads\/2021\/12\/WhatsApp-Image-2021-12-01-at-17.13.15-2-1024x497.jpeg 1024w, https:\/\/eldiariodesanpedro.com.ar\/sitio\/wp-content\/uploads\/2021\/12\/WhatsApp-Image-2021-12-01-at-17.13.15-2-300x146.jpeg 300w, https:\/\/eldiariodesanpedro.com.ar\/sitio\/wp-content\/uploads\/2021\/12\/WhatsApp-Image-2021-12-01-at-17.13.15-2-768x373.jpeg 768w, https:\/\/eldiariodesanpedro.com.ar\/sitio\/wp-content\/uploads\/2021\/12\/WhatsApp-Image-2021-12-01-at-17.13.15-2.jpeg 1200w\" data-sizes=\"(max-width: 1024px) 100vw, 1024px\" src=\"data:image\/svg+xml;base64,PHN2ZyB3aWR0aD0iMSIgaGVpZ2h0PSIxIiB4bWxucz0iaHR0cDovL3d3dy53My5vcmcvMjAwMC9zdmciPjwvc3ZnPg==\" style=\"--smush-placeholder-width: 1024px; --smush-placeholder-aspect-ratio: 1024\/497;\" \/><\/figure>\n\n\n\n<figure class=\"wp-block-image size-large\"><img decoding=\"async\" width=\"1024\" height=\"576\" data-attachment-id=\"101868\" data-permalink=\"https:\/\/eldiariodesanpedro.com.ar\/sitio\/motoquero-sin-casco-choco-un-perro-y-al-caer-choca-con-otro-mensajero-y-se-lastima-la-cabeza\/whatsapp-image-2021-12-01-at-17-13-15\/\" data-orig-file=\"https:\/\/eldiariodesanpedro.com.ar\/sitio\/wp-content\/uploads\/2021\/12\/WhatsApp-Image-2021-12-01-at-17.13.15.jpeg\" data-orig-size=\"1120,630\" data-comments-opened=\"0\" data-image-meta=\"{&quot;aperture&quot;:&quot;0&quot;,&quot;credit&quot;:&quot;&quot;,&quot;camera&quot;:&quot;&quot;,&quot;caption&quot;:&quot;&quot;,&quot;created_timestamp&quot;:&quot;0&quot;,&quot;copyright&quot;:&quot;&quot;,&quot;focal_length&quot;:&quot;0&quot;,&quot;iso&quot;:&quot;0&quot;,&quot;shutter_speed&quot;:&quot;0&quot;,&quot;title&quot;:&quot;&quot;,&quot;orientation&quot;:&quot;0&quot;}\" data-image-title=\"WhatsApp Image 2021-12-01 at 17.13.15\" data-image-description=\"\" data-image-caption=\"\" data-large-file=\"https:\/\/eldiariodesanpedro.com.ar\/sitio\/wp-content\/uploads\/2021\/12\/WhatsApp-Image-2021-12-01-at-17.13.15-1024x576.jpeg\" data-src=\"https:\/\/eldiariodesanpedro.com.ar\/sitio\/wp-content\/uploads\/2021\/12\/WhatsApp-Image-2021-12-01-at-17.13.15-1024x576.jpeg\" alt=\"\" class=\"wp-image-101868 lazyload\" data-srcset=\"https:\/\/eldiariodesanpedro.com.ar\/sitio\/wp-content\/uploads\/2021\/12\/WhatsApp-Image-2021-12-01-at-17.13.15-1024x576.jpeg 1024w, https:\/\/eldiariodesanpedro.com.ar\/sitio\/wp-content\/uploads\/2021\/12\/WhatsApp-Image-2021-12-01-at-17.13.15-300x169.jpeg 300w, https:\/\/eldiariodesanpedro.com.ar\/sitio\/wp-content\/uploads\/2021\/12\/WhatsApp-Image-2021-12-01-at-17.13.15-768x432.jpeg 768w, https:\/\/eldiariodesanpedro.com.ar\/sitio\/wp-content\/uploads\/2021\/12\/WhatsApp-Image-2021-12-01-at-17.13.15-800x450.jpeg 800w, https:\/\/eldiariodesanpedro.com.ar\/sitio\/wp-content\/uploads\/2021\/12\/WhatsApp-Image-2021-12-01-at-17.13.15.jpeg 1120w\" data-sizes=\"(max-width: 1024px) 100vw, 1024px\" src=\"data:image\/svg+xml;base64,PHN2ZyB3aWR0aD0iMSIgaGVpZ2h0PSIxIiB4bWxucz0iaHR0cDovL3d3dy53My5vcmcvMjAwMC9zdmciPjwvc3ZnPg==\" style=\"--smush-placeholder-width: 1024px; --smush-placeholder-aspect-ratio: 1024\/576;\" \/><\/figure>\n","protected":false},"excerpt":{"rendered":"<p>&nbsp;Este mediod\u00eda pasadas las 12:30 hs ocurri\u00f3 el segundo siniestro vial del d\u00eda donde otra vez se ve involucrado un mensajero en motocicleta que impact\u00f3 contra un autom\u00f3vil. Este mi\u00e9rcoles en horas del mediod\u00eda ocurri\u00f3 el accidente en calle Juan B. Justo y Almafuerte donde un motociclista mayor de edad que circulaba en un rodado [&hellip;]<\/p>\n","protected":false},"author":4,"featured_media":101866,"comment_status":"closed","ping_status":"closed","sticky":false,"template":"","format":"standard","meta":{"om_disable_all_campaigns":false,"_jetpack_memberships_contains_paid_content":false,"footnotes":""},"categories":[50,2,103],"tags":[197,33,95,19],"class_list":["post-101871","post","type-post","status-publish","format-standard","has-post-thumbnail","hentry","category-destacadas","category-locales","category-policiales-locales","tag-buenos-aires","tag-locales","tag-policiales","tag-san-pedro"],"aioseo_notices":[],"gutentor_comment":0,"jetpack_featured_media_url":"https:\/\/eldiariodesanpedro.com.ar\/sitio\/wp-content\/uploads\/2021\/12\/WhatsApp-Image-2021-12-01-at-17.13.15-1.jpeg","jetpack_shortlink":"https:\/\/wp.me\/p6RhLt-qv5","jetpack_sharing_enabled":true,"_links":{"self":[{"href":"https:\/\/eldiariodesanpedro.com.ar\/sitio\/wp-json\/wp\/v2\/posts\/101871","targetHints":{"allow":["GET"]}}],"collection":[{"href":"https:\/\/eldiariodesanpedro.com.ar\/sitio\/wp-json\/wp\/v2\/posts"}],"about":[{"href":"https:\/\/eldiariodesanpedro.com.ar\/sitio\/wp-json\/wp\/v2\/types\/post"}],"author":[{"embeddable":true,"href":"https:\/\/eldiariodesanpedro.com.ar\/sitio\/wp-json\/wp\/v2\/users\/4"}],"replies":[{"embeddable":true,"href":"https:\/\/eldiariodesanpedro.com.ar\/sitio\/wp-json\/wp\/v2\/comments?post=101871"}],"version-history":[{"count":2,"href":"https:\/\/eldiariodesanpedro.com.ar\/sitio\/wp-json\/wp\/v2\/posts\/101871\/revisions"}],"predecessor-version":[{"id":101874,"href":"https:\/\/eldiariodesanpedro.com.ar\/sitio\/wp-json\/wp\/v2\/posts\/101871\/revisions\/101874"}],"wp:featuredmedia":[{"embeddable":true,"href":"https:\/\/eldiariodesanpedro.com.ar\/sitio\/wp-json\/wp\/v2\/media\/101866"}],"wp:attachment":[{"href":"https:\/\/eldiariodesanpedro.com.ar\/sitio\/wp-json\/wp\/v2\/media?parent=101871"}],"wp:term":[{"taxonomy":"category","embeddable":true,"href":"https:\/\/eldiariodesanpedro.com.ar\/sitio\/wp-json\/wp\/v2\/categories?post=101871"},{"taxonomy":"post_tag","embeddable":true,"href":"https:\/\/eldiariodesanpedro.com.ar\/sitio\/wp-json\/wp\/v2\/tags?post=101871"}],"curies":[{"name":"wp","href":"https:\/\/api.w.org\/{rel}","templated":true}]}}