{"id":101864,"date":"2021-12-01T17:17:59","date_gmt":"2021-12-01T20:17:59","guid":{"rendered":"https:\/\/eldiariodesanpedro.com.ar\/sitio\/?p=101864"},"modified":"2021-12-01T17:18:03","modified_gmt":"2021-12-01T20:18:03","slug":"motoquero-sin-casco-choco-un-perro-y-al-caer-choca-con-otro-mensajero-y-se-lastima-la-cabeza","status":"publish","type":"post","link":"https:\/\/eldiariodesanpedro.com.ar\/sitio\/motoquero-sin-casco-choco-un-perro-y-al-caer-choca-con-otro-mensajero-y-se-lastima-la-cabeza\/","title":{"rendered":"Motoquero sin casco choc\u00f3 un perro y al caer choca con otro mensajero y se lastima la cabeza"},"content":{"rendered":"<!-- VideographyWP Plugin Message: Automatic video embedding prevented by plugin options. -->\n\n<p>En la ma\u00f1ana de hoy ocurri\u00f3 un accidente de tr\u00e1nsito donde un motoquero result\u00f3 herido en la cabeza tras chocar contra un perro en la zona c\u00e9ntrica de la ciudad.<\/p>\n\n\n\n<p>Este mi\u00e9rcoles alrededor de las 11 hs ocurri\u00f3 un accidente en las inmediaciones de calle Ituzaing\u00f3 y General Pueyrred\u00f3n donde un joven que se dedica a la mensajer\u00eda que circulaba en motocicleta 125 cc impacta a un perro que se le atraves\u00f3 en el camino chocando contra un compa\u00f1ero de su misma empresa que circulaba a la par.&nbsp;<\/p>\n\n\n\n<p>Por la ca\u00edda el mensajero que circulaba \u201csin casco\u201d golpe\u00f3 su cabeza contra el pedal\u00edn de la otra moto provocando un corte en el cuero cabelludo.<\/p>\n\n\n\n<p>El mensajero fue trasladado por el SAME al nosocomio local presentando herida leve, por su parte su compa\u00f1ero result\u00f3 ileso y el perro no sufri\u00f3 heridas.<\/p>\n\n\n\n<p>Como ocurre en estos casos el \u201cmotoquero\u201d escondi\u00f3 la motocicleta dentro de un vivero en cercanias para que la polic\u00eda o los inspectores no le secuestren el rodado.<\/p>\n","protected":false},"excerpt":{"rendered":"<p>En la ma\u00f1ana de hoy ocurri\u00f3 un accidente de tr\u00e1nsito donde un motoquero result\u00f3 herido en la cabeza tras chocar contra un perro en la zona c\u00e9ntrica de la ciudad. Este mi\u00e9rcoles alrededor de las 11 hs ocurri\u00f3 un accidente en las inmediaciones de calle Ituzaing\u00f3 y General Pueyrred\u00f3n donde un joven que se dedica [&hellip;]<\/p>\n","protected":false},"author":4,"featured_media":101869,"comment_status":"closed","ping_status":"closed","sticky":false,"template":"","format":"standard","meta":{"om_disable_all_campaigns":false,"_jetpack_memberships_contains_paid_content":false,"footnotes":""},"categories":[2,103],"tags":[197,696,33,2534,95,19],"class_list":["post-101864","post","type-post","status-publish","format-standard","has-post-thumbnail","hentry","category-locales","category-policiales-locales","tag-buenos-aires","tag-interes-general","tag-locales","tag-motoquero-sin-casco-choco-un-perro-y-al-caer-choca-con-otro-mensajero-y-se-lastima-la-cabeza","tag-policiales","tag-san-pedro"],"aioseo_notices":[],"gutentor_comment":0,"jetpack_featured_media_url":"https:\/\/eldiariodesanpedro.com.ar\/sitio\/wp-content\/uploads\/2021\/12\/WhatsApp-Image-2021-12-01-at-17.13.16.jpeg","jetpack_shortlink":"https:\/\/wp.me\/p6RhLt-quY","jetpack_sharing_enabled":true,"_links":{"self":[{"href":"https:\/\/eldiariodesanpedro.com.ar\/sitio\/wp-json\/wp\/v2\/posts\/101864","targetHints":{"allow":["GET"]}}],"collection":[{"href":"https:\/\/eldiariodesanpedro.com.ar\/sitio\/wp-json\/wp\/v2\/posts"}],"about":[{"href":"https:\/\/eldiariodesanpedro.com.ar\/sitio\/wp-json\/wp\/v2\/types\/post"}],"author":[{"embeddable":true,"href":"https:\/\/eldiariodesanpedro.com.ar\/sitio\/wp-json\/wp\/v2\/users\/4"}],"replies":[{"embeddable":true,"href":"https:\/\/eldiariodesanpedro.com.ar\/sitio\/wp-json\/wp\/v2\/comments?post=101864"}],"version-history":[{"count":1,"href":"https:\/\/eldiariodesanpedro.com.ar\/sitio\/wp-json\/wp\/v2\/posts\/101864\/revisions"}],"predecessor-version":[{"id":101870,"href":"https:\/\/eldiariodesanpedro.com.ar\/sitio\/wp-json\/wp\/v2\/posts\/101864\/revisions\/101870"}],"wp:featuredmedia":[{"embeddable":true,"href":"https:\/\/eldiariodesanpedro.com.ar\/sitio\/wp-json\/wp\/v2\/media\/101869"}],"wp:attachment":[{"href":"https:\/\/eldiariodesanpedro.com.ar\/sitio\/wp-json\/wp\/v2\/media?parent=101864"}],"wp:term":[{"taxonomy":"category","embeddable":true,"href":"https:\/\/eldiariodesanpedro.com.ar\/sitio\/wp-json\/wp\/v2\/categories?post=101864"},{"taxonomy":"post_tag","embeddable":true,"href":"https:\/\/eldiariodesanpedro.com.ar\/sitio\/wp-json\/wp\/v2\/tags?post=101864"}],"curies":[{"name":"wp","href":"https:\/\/api.w.org\/{rel}","templated":true}]}}