{"id":101859,"date":"2021-12-01T16:59:08","date_gmt":"2021-12-01T19:59:08","guid":{"rendered":"https:\/\/eldiariodesanpedro.com.ar\/sitio\/?p=101859"},"modified":"2021-12-01T16:59:10","modified_gmt":"2021-12-01T19:59:10","slug":"joven-aprehendido-por-violencia-de-genero-contra-su-pareja","status":"publish","type":"post","link":"https:\/\/eldiariodesanpedro.com.ar\/sitio\/joven-aprehendido-por-violencia-de-genero-contra-su-pareja\/","title":{"rendered":"Joven aprehendido por violencia de g\u00e9nero contra su pareja"},"content":{"rendered":"<!-- VideographyWP Plugin Message: Automatic video embedding prevented by plugin options. -->\n\n<p>Este martes la polic\u00eda tuvo que intervenir nuevamente en un caso de violencia de g\u00e9nero, en esta oportunidad un ciudadano fue aprehendido tras amenazar de muerte a su pareja.<\/p>\n\n\n\n<p>El hecho ocurri\u00f3 este martes cuando un m\u00f3vil policial perteneciente a la dependencia local se hace presente en calle Hermano Indio al 2000 donde un ciudadano de 30 a\u00f1os hab\u00eda amenazado de muerte a su actual pareja de 23 a\u00f1os, por lo que los efectivos intervinieron y lograron reducir al ofuscado sujeto siendo aprehendido y trasladado a la comisar\u00eda local.<\/p>\n\n\n\n<p>La v\u00edctima fue trasladada a la comisar\u00eda de la Mujer y la Familia donde recibi\u00f3 la correspondiente contenci\u00f3n psicol\u00f3gica y realiz\u00f3 la denuncia, por su parte el agresor permanece alojado en la comisar\u00eda local.<\/p>\n","protected":false},"excerpt":{"rendered":"<p>Este martes la polic\u00eda tuvo que intervenir nuevamente en un caso de violencia de g\u00e9nero, en esta oportunidad un ciudadano fue aprehendido tras amenazar de muerte a su pareja. El hecho ocurri\u00f3 este martes cuando un m\u00f3vil policial perteneciente a la dependencia local se hace presente en calle Hermano Indio al 2000 donde un ciudadano [&hellip;]<\/p>\n","protected":false},"author":4,"featured_media":101860,"comment_status":"closed","ping_status":"closed","sticky":false,"template":"","format":"standard","meta":{"om_disable_all_campaigns":false,"_jetpack_memberships_contains_paid_content":false,"footnotes":""},"categories":[2,103],"tags":[197,696,2533,33,95,19],"class_list":["post-101859","post","type-post","status-publish","format-standard","has-post-thumbnail","hentry","category-locales","category-policiales-locales","tag-buenos-aires","tag-interes-general","tag-joven-aprehendido-por-violencia-de-genero-contra-su-pareja","tag-locales","tag-policiales","tag-san-pedro"],"aioseo_notices":[],"gutentor_comment":0,"jetpack_featured_media_url":"https:\/\/eldiariodesanpedro.com.ar\/sitio\/wp-content\/uploads\/2021\/12\/WhatsApp-Image-2021-12-01-at-16.55.32.jpeg","jetpack_shortlink":"https:\/\/wp.me\/p6RhLt-quT","jetpack_sharing_enabled":true,"_links":{"self":[{"href":"https:\/\/eldiariodesanpedro.com.ar\/sitio\/wp-json\/wp\/v2\/posts\/101859","targetHints":{"allow":["GET"]}}],"collection":[{"href":"https:\/\/eldiariodesanpedro.com.ar\/sitio\/wp-json\/wp\/v2\/posts"}],"about":[{"href":"https:\/\/eldiariodesanpedro.com.ar\/sitio\/wp-json\/wp\/v2\/types\/post"}],"author":[{"embeddable":true,"href":"https:\/\/eldiariodesanpedro.com.ar\/sitio\/wp-json\/wp\/v2\/users\/4"}],"replies":[{"embeddable":true,"href":"https:\/\/eldiariodesanpedro.com.ar\/sitio\/wp-json\/wp\/v2\/comments?post=101859"}],"version-history":[{"count":1,"href":"https:\/\/eldiariodesanpedro.com.ar\/sitio\/wp-json\/wp\/v2\/posts\/101859\/revisions"}],"predecessor-version":[{"id":101861,"href":"https:\/\/eldiariodesanpedro.com.ar\/sitio\/wp-json\/wp\/v2\/posts\/101859\/revisions\/101861"}],"wp:featuredmedia":[{"embeddable":true,"href":"https:\/\/eldiariodesanpedro.com.ar\/sitio\/wp-json\/wp\/v2\/media\/101860"}],"wp:attachment":[{"href":"https:\/\/eldiariodesanpedro.com.ar\/sitio\/wp-json\/wp\/v2\/media?parent=101859"}],"wp:term":[{"taxonomy":"category","embeddable":true,"href":"https:\/\/eldiariodesanpedro.com.ar\/sitio\/wp-json\/wp\/v2\/categories?post=101859"},{"taxonomy":"post_tag","embeddable":true,"href":"https:\/\/eldiariodesanpedro.com.ar\/sitio\/wp-json\/wp\/v2\/tags?post=101859"}],"curies":[{"name":"wp","href":"https:\/\/api.w.org\/{rel}","templated":true}]}}