{"id":101857,"date":"2021-12-01T16:47:56","date_gmt":"2021-12-01T19:47:56","guid":{"rendered":"https:\/\/eldiariodesanpedro.com.ar\/sitio\/?p=101857"},"modified":"2021-12-01T16:47:58","modified_gmt":"2021-12-01T19:47:58","slug":"un-joven-de-14-anos-fue-golpeado-y-lastimado-en-la-via-publica-por-un-mayor","status":"publish","type":"post","link":"https:\/\/eldiariodesanpedro.com.ar\/sitio\/un-joven-de-14-anos-fue-golpeado-y-lastimado-en-la-via-publica-por-un-mayor\/","title":{"rendered":"Un joven de 14 a\u00f1os fue golpeado y lastimado en la v\u00eda p\u00fablica por un mayor"},"content":{"rendered":"<!-- VideographyWP Plugin Message: Automatic video embedding prevented by plugin options. -->\n\n<p>En la jornada de ayer una mujer denunci\u00f3 que su hijo menor de edad fue golpeado por un mayor de edad por problemas personales.<\/p>\n\n\n\n<p>El hecho ocurri\u00f3 este martes en horas del mediod\u00eda cuando un joven de 14 a\u00f1os de edad circulaba por la calle y es interceptado por otro ciudadano mayor de edad quien sin mediar palabras golpe\u00f3 al joven en el rostro provocando lesiones leves.<\/p>\n\n\n\n<p>La v\u00edctima de la golpiza el menor de edad acusa reconocer al agresor con quien tiene problemas de vieja data.<\/p>\n","protected":false},"excerpt":{"rendered":"<p>En la jornada de ayer una mujer denunci\u00f3 que su hijo menor de edad fue golpeado por un mayor de edad por problemas personales. El hecho ocurri\u00f3 este martes en horas del mediod\u00eda cuando un joven de 14 a\u00f1os de edad circulaba por la calle y es interceptado por otro ciudadano mayor de edad quien [&hellip;]<\/p>\n","protected":false},"author":4,"featured_media":71476,"comment_status":"closed","ping_status":"closed","sticky":false,"template":"","format":"standard","meta":{"om_disable_all_campaigns":false,"_jetpack_memberships_contains_paid_content":false,"footnotes":""},"categories":[2,103],"tags":[197,33,95,19,2532],"class_list":["post-101857","post","type-post","status-publish","format-standard","has-post-thumbnail","hentry","category-locales","category-policiales-locales","tag-buenos-aires","tag-locales","tag-policiales","tag-san-pedro","tag-un-joven-de-14-anos-fue-golpeado-y-lastimado-en-la-via-publica-por-un-mayor"],"aioseo_notices":[],"gutentor_comment":0,"jetpack_featured_media_url":"https:\/\/eldiariodesanpedro.com.ar\/sitio\/wp-content\/uploads\/2020\/04\/thumb_patrulla-policia-bonaerense-movil-policia.jpeg","jetpack_shortlink":"https:\/\/wp.me\/p6RhLt-quR","jetpack_sharing_enabled":true,"_links":{"self":[{"href":"https:\/\/eldiariodesanpedro.com.ar\/sitio\/wp-json\/wp\/v2\/posts\/101857","targetHints":{"allow":["GET"]}}],"collection":[{"href":"https:\/\/eldiariodesanpedro.com.ar\/sitio\/wp-json\/wp\/v2\/posts"}],"about":[{"href":"https:\/\/eldiariodesanpedro.com.ar\/sitio\/wp-json\/wp\/v2\/types\/post"}],"author":[{"embeddable":true,"href":"https:\/\/eldiariodesanpedro.com.ar\/sitio\/wp-json\/wp\/v2\/users\/4"}],"replies":[{"embeddable":true,"href":"https:\/\/eldiariodesanpedro.com.ar\/sitio\/wp-json\/wp\/v2\/comments?post=101857"}],"version-history":[{"count":1,"href":"https:\/\/eldiariodesanpedro.com.ar\/sitio\/wp-json\/wp\/v2\/posts\/101857\/revisions"}],"predecessor-version":[{"id":101858,"href":"https:\/\/eldiariodesanpedro.com.ar\/sitio\/wp-json\/wp\/v2\/posts\/101857\/revisions\/101858"}],"wp:featuredmedia":[{"embeddable":true,"href":"https:\/\/eldiariodesanpedro.com.ar\/sitio\/wp-json\/wp\/v2\/media\/71476"}],"wp:attachment":[{"href":"https:\/\/eldiariodesanpedro.com.ar\/sitio\/wp-json\/wp\/v2\/media?parent=101857"}],"wp:term":[{"taxonomy":"category","embeddable":true,"href":"https:\/\/eldiariodesanpedro.com.ar\/sitio\/wp-json\/wp\/v2\/categories?post=101857"},{"taxonomy":"post_tag","embeddable":true,"href":"https:\/\/eldiariodesanpedro.com.ar\/sitio\/wp-json\/wp\/v2\/tags?post=101857"}],"curies":[{"name":"wp","href":"https:\/\/api.w.org\/{rel}","templated":true}]}}