{"id":101853,"date":"2021-12-01T16:33:40","date_gmt":"2021-12-01T19:33:40","guid":{"rendered":"https:\/\/eldiariodesanpedro.com.ar\/sitio\/?p=101853"},"modified":"2021-12-01T16:33:42","modified_gmt":"2021-12-01T19:33:42","slug":"nuevos-cortes-programados-de-energia-en-sectores-de-la-ciudad-para-manana","status":"publish","type":"post","link":"https:\/\/eldiariodesanpedro.com.ar\/sitio\/nuevos-cortes-programados-de-energia-en-sectores-de-la-ciudad-para-manana\/","title":{"rendered":"Nuevos cortes programados de energia en sectores de la ciudad para ma\u00f1ana"},"content":{"rendered":"<!-- VideographyWP Plugin Message: Automatic video embedding prevented by plugin options. -->\n\n<p>COOPSER informa que ma\u00f1ana&nbsp;<strong>jueves 2 de diciembre<\/strong>&nbsp;se cumplir\u00e1 con un corte de energ\u00eda dentro del plan de trabajo que se viene cumpliendo para reparaciones y mantenimiento en diferentes sectores.<\/p>\n\n\n\n<p>El corte referido para tareas de mantenimiento en la Subestaci\u00f3n San Pedrito 1 y poda en zonas aleda\u00f1as, se extender\u00e1 entre las 7 y las 11.<\/p>\n\n\n\n<p>Comprende:<\/p>\n\n\n\n<p>Avenida Juan B. Justo desde el 700 (SP1) al 1700, Barrios 4 Robles y Los Tilos (Segundo Sombra del 3000 a 3500 mano par y Garret 1500 a 1650.<\/p>\n","protected":false},"excerpt":{"rendered":"<p>COOPSER informa que ma\u00f1ana&nbsp;jueves 2 de diciembre&nbsp;se cumplir\u00e1 con un corte de energ\u00eda dentro del plan de trabajo que se viene cumpliendo para reparaciones y mantenimiento en diferentes sectores. El corte referido para tareas de mantenimiento en la Subestaci\u00f3n San Pedrito 1 y poda en zonas aleda\u00f1as, se extender\u00e1 entre las 7 y las 11. [&hellip;]<\/p>\n","protected":false},"author":4,"featured_media":77036,"comment_status":"closed","ping_status":"closed","sticky":false,"template":"","format":"standard","meta":{"om_disable_all_campaigns":false,"_jetpack_memberships_contains_paid_content":false,"footnotes":""},"categories":[101,2],"tags":[197,696,33,2530,19],"class_list":["post-101853","post","type-post","status-publish","format-standard","has-post-thumbnail","hentry","category-interes-general-locales","category-locales","tag-buenos-aires","tag-interes-general","tag-locales","tag-nuevos-cortes-programados-de-energia-en-sectores-de-la-ciudad-para-manana","tag-san-pedro"],"aioseo_notices":[],"gutentor_comment":0,"jetpack_featured_media_url":"https:\/\/eldiariodesanpedro.com.ar\/sitio\/wp-content\/uploads\/2020\/07\/archivo-coopser.jpeg","jetpack_shortlink":"https:\/\/wp.me\/p6RhLt-quN","jetpack_sharing_enabled":true,"_links":{"self":[{"href":"https:\/\/eldiariodesanpedro.com.ar\/sitio\/wp-json\/wp\/v2\/posts\/101853","targetHints":{"allow":["GET"]}}],"collection":[{"href":"https:\/\/eldiariodesanpedro.com.ar\/sitio\/wp-json\/wp\/v2\/posts"}],"about":[{"href":"https:\/\/eldiariodesanpedro.com.ar\/sitio\/wp-json\/wp\/v2\/types\/post"}],"author":[{"embeddable":true,"href":"https:\/\/eldiariodesanpedro.com.ar\/sitio\/wp-json\/wp\/v2\/users\/4"}],"replies":[{"embeddable":true,"href":"https:\/\/eldiariodesanpedro.com.ar\/sitio\/wp-json\/wp\/v2\/comments?post=101853"}],"version-history":[{"count":1,"href":"https:\/\/eldiariodesanpedro.com.ar\/sitio\/wp-json\/wp\/v2\/posts\/101853\/revisions"}],"predecessor-version":[{"id":101854,"href":"https:\/\/eldiariodesanpedro.com.ar\/sitio\/wp-json\/wp\/v2\/posts\/101853\/revisions\/101854"}],"wp:featuredmedia":[{"embeddable":true,"href":"https:\/\/eldiariodesanpedro.com.ar\/sitio\/wp-json\/wp\/v2\/media\/77036"}],"wp:attachment":[{"href":"https:\/\/eldiariodesanpedro.com.ar\/sitio\/wp-json\/wp\/v2\/media?parent=101853"}],"wp:term":[{"taxonomy":"category","embeddable":true,"href":"https:\/\/eldiariodesanpedro.com.ar\/sitio\/wp-json\/wp\/v2\/categories?post=101853"},{"taxonomy":"post_tag","embeddable":true,"href":"https:\/\/eldiariodesanpedro.com.ar\/sitio\/wp-json\/wp\/v2\/tags?post=101853"}],"curies":[{"name":"wp","href":"https:\/\/api.w.org\/{rel}","templated":true}]}}