{"id":101831,"date":"2021-12-01T14:32:30","date_gmt":"2021-12-01T17:32:30","guid":{"rendered":"https:\/\/eldiariodesanpedro.com.ar\/sitio\/?p=101831"},"modified":"2021-12-03T15:14:43","modified_gmt":"2021-12-03T18:14:43","slug":"edicto-de-sucesion-de-hector-manuel-frenandez","status":"publish","type":"post","link":"https:\/\/eldiariodesanpedro.com.ar\/sitio\/edicto-de-sucesion-de-hector-manuel-frenandez\/","title":{"rendered":"Edicto de Sucesi\u00f3n de Hector Manuel Fernandez"},"content":{"rendered":"<!-- VideographyWP Plugin Message: Automatic video embedding prevented by plugin options. -->\n\n<p>El Juzgado de Paz Letrado de la ciudad de San Pedro, Departamento Judicial de San Nicol\u00e1s, sito en calles&nbsp;Belgrano y Rivadavia, Pcia. de Buenos Aires cita y emplaza a todos los que se consideren con derecho a los bienes<br>dejados por el causante don&nbsp;<strong>Hector Manuel Frenandez<\/strong>&nbsp;para que en el plazo de 30 d\u00edas contados a partir de la \u00faltima publicaci\u00f3n de Edictos \u2013 lo acrediten (arts.734 del CPCC), a fin de hacerlos valer en el proceso sucesorio<br>caratulado:&nbsp;<strong>HECTOR MANUEL FERNANDEZ S\/ SUCESION AB-INTESTATO<\/strong>&nbsp;Expte. N\u00b0 560.- San Pedro, 30 de noviembre de 2021.-<\/p>\n\n\n\n<p>FACUNDO VELL\u00d3N<br>ABOGADO SECRETARIO<\/p>\n\n\n\n<p>(Publicaci\u00f3n&nbsp;equivalente a los d\u00edas 01,02 y 03 de Diciembre de 2021 )<\/p>\n","protected":false},"excerpt":{"rendered":"<p>El Juzgado de Paz Letrado de la ciudad de San Pedro, Departamento Judicial de San Nicol\u00e1s, sito en calles&nbsp;Belgrano y Rivadavia, Pcia. de Buenos Aires cita y emplaza a todos los que se consideren con derecho a los bienesdejados por el causante don&nbsp;Hector Manuel Frenandez&nbsp;para que en el plazo de 30 d\u00edas contados a partir [&hellip;]<\/p>\n","protected":false},"author":4,"featured_media":81115,"comment_status":"closed","ping_status":"closed","sticky":false,"template":"","format":"standard","meta":{"om_disable_all_campaigns":false,"_jetpack_memberships_contains_paid_content":false,"footnotes":""},"categories":[676,677],"tags":[197,1121,2526,1355,19,1122],"class_list":["post-101831","post","type-post","status-publish","format-standard","has-post-thumbnail","hentry","category-edictos","category-edictos-sucesorios","tag-buenos-aires","tag-edicto","tag-edicto-de-sucesion-de-hector-manuel-frenandez","tag-judiciales","tag-san-pedro","tag-sucesion"],"aioseo_notices":[],"gutentor_comment":0,"jetpack_featured_media_url":"https:\/\/eldiariodesanpedro.com.ar\/sitio\/wp-content\/uploads\/2020\/09\/Poder-Judicial.jpg","jetpack_shortlink":"https:\/\/wp.me\/p6RhLt-qur","jetpack_sharing_enabled":true,"_links":{"self":[{"href":"https:\/\/eldiariodesanpedro.com.ar\/sitio\/wp-json\/wp\/v2\/posts\/101831","targetHints":{"allow":["GET"]}}],"collection":[{"href":"https:\/\/eldiariodesanpedro.com.ar\/sitio\/wp-json\/wp\/v2\/posts"}],"about":[{"href":"https:\/\/eldiariodesanpedro.com.ar\/sitio\/wp-json\/wp\/v2\/types\/post"}],"author":[{"embeddable":true,"href":"https:\/\/eldiariodesanpedro.com.ar\/sitio\/wp-json\/wp\/v2\/users\/4"}],"replies":[{"embeddable":true,"href":"https:\/\/eldiariodesanpedro.com.ar\/sitio\/wp-json\/wp\/v2\/comments?post=101831"}],"version-history":[{"count":2,"href":"https:\/\/eldiariodesanpedro.com.ar\/sitio\/wp-json\/wp\/v2\/posts\/101831\/revisions"}],"predecessor-version":[{"id":101880,"href":"https:\/\/eldiariodesanpedro.com.ar\/sitio\/wp-json\/wp\/v2\/posts\/101831\/revisions\/101880"}],"wp:featuredmedia":[{"embeddable":true,"href":"https:\/\/eldiariodesanpedro.com.ar\/sitio\/wp-json\/wp\/v2\/media\/81115"}],"wp:attachment":[{"href":"https:\/\/eldiariodesanpedro.com.ar\/sitio\/wp-json\/wp\/v2\/media?parent=101831"}],"wp:term":[{"taxonomy":"category","embeddable":true,"href":"https:\/\/eldiariodesanpedro.com.ar\/sitio\/wp-json\/wp\/v2\/categories?post=101831"},{"taxonomy":"post_tag","embeddable":true,"href":"https:\/\/eldiariodesanpedro.com.ar\/sitio\/wp-json\/wp\/v2\/tags?post=101831"}],"curies":[{"name":"wp","href":"https:\/\/api.w.org\/{rel}","templated":true}]}}