{"id":10183,"date":"2016-11-14T18:54:31","date_gmt":"2016-11-14T21:54:31","guid":{"rendered":"https:\/\/eldiariodesanpedro.com.ar\/sitio\/?p=10183"},"modified":"2016-11-14T18:54:31","modified_gmt":"2016-11-14T21:54:31","slug":"el-ejecutivo-y-el-deliberativo-conformaran-una-mesa-de-seguridad","status":"publish","type":"post","link":"https:\/\/eldiariodesanpedro.com.ar\/sitio\/el-ejecutivo-y-el-deliberativo-conformaran-una-mesa-de-seguridad\/","title":{"rendered":"El Ejecutivo y el Deliberativo conformar\u00e1n una \u00abmesa de seguridad\u00bb"},"content":{"rendered":"<p><!-- VideographyWP Plugin Message: Automatic video embedding prevented by plugin options. --><br \/>\nLa semana pasada, el intendente Salazar convoc\u00f3 a los presidentes de los bloques del HCD para participar de un encuentro donde el tema excluyente fue la \u201cseguridad\u201d.<\/p>\n<p>Sobre ello, el concejal del PJ-FPV Rodolfo Trelles se\u00f1al\u00f3: \u201cEl intendente nos manifest\u00f3 que est\u00e1 muy preocupado por este tema, que la reincidencia de los distintos hechos delictivos y toda esta problem\u00e1tica lleva a que haya que tomar otro tipo de acciones y entonces nos ha pedido colaboraci\u00f3n\u201d.<\/p>\n<p>Al tiempo que agreg\u00f3: \u201cEst\u00e1 dispuesto a trabajar en conjunto con nosotros, de hecho quiere ver la posibilidad de armar una mesa de trabajo del Concejo, que seguramente ser\u00e1 a trav\u00e9s de la Comisi\u00f3n de Seguridad para poder aunar esfuerzos, porque \u00e9l cree, y nosotros coincidimos, que estamos en una situaci\u00f3n l\u00edmite como nunca se hab\u00eda dado en los a\u00f1os anteriores\u201d.<\/p>\n<p>Y ejemplifica: \u201cSe viene el verano, comienza el Operativo Sol. A esto hay que sumarle que el comisario Catalano tiene 30 personas menos de las que deber\u00eda tener\u201d. Sin embargo, asever\u00f3 que la inseguridad no solo se combate con medios para la polic\u00eda.<\/p>\n<p>\u201cUno escucha hablar al Gobierno nacional y provincial de la herencia, y ya de eso no se puede hablar m\u00e1s, si no, va a pasar la gesti\u00f3n hablando de la herencia\u201d, opin\u00f3 tambi\u00e9n.<\/p>\n<p>Seguidamente asever\u00f3 que \u201ca nosotros en ning\u00fan momento se nos consult\u00f3 sobre esto y nunca se nos golpe\u00f3 la puerta para saber cu\u00e1l es el pensamiento de la oposici\u00f3n, y estas cosas a\u00edslan al Gobierno municipal\u201d. Y resalt\u00f3 ahora un cambio de actitud por parte del jefe comunal: \u201cHoy ha nombrado a Ram\u00f3n Salazar, que es el secretario de Legal y T\u00e9cnica, como interlocutor entre el Concejo Deliberante y el Ejecutivo, cosa que vemos positiva nosotros tener alguien con quien charlar en forma directa cuestiones de gobierno\u201d.<\/p>\n","protected":false},"excerpt":{"rendered":"<p>La semana pasada, el intendente Salazar convoc\u00f3 a los presidentes de los bloques del HCD para participar de un encuentro donde el tema excluyente fue la \u201cseguridad\u201d. Sobre ello, el concejal del PJ-FPV Rodolfo Trelles se\u00f1al\u00f3: \u201cEl intendente nos manifest\u00f3 que est\u00e1 muy preocupado por este tema, que la reincidencia de los distintos hechos delictivos [&hellip;]<\/p>\n","protected":false},"author":4,"featured_media":4495,"comment_status":"open","ping_status":"closed","sticky":false,"template":"","format":"standard","meta":{"om_disable_all_campaigns":false,"_jetpack_memberships_contains_paid_content":false,"footnotes":""},"categories":[2,102],"tags":[],"class_list":["post-10183","post","type-post","status-publish","format-standard","has-post-thumbnail","hentry","category-locales","category-politica-locales"],"aioseo_notices":[],"gutentor_comment":0,"jetpack_featured_media_url":"https:\/\/eldiariodesanpedro.com.ar\/sitio\/wp-content\/uploads\/2016\/05\/Municipalidad.jpg","jetpack_shortlink":"https:\/\/wp.me\/p6RhLt-2Ef","jetpack_sharing_enabled":true,"_links":{"self":[{"href":"https:\/\/eldiariodesanpedro.com.ar\/sitio\/wp-json\/wp\/v2\/posts\/10183","targetHints":{"allow":["GET"]}}],"collection":[{"href":"https:\/\/eldiariodesanpedro.com.ar\/sitio\/wp-json\/wp\/v2\/posts"}],"about":[{"href":"https:\/\/eldiariodesanpedro.com.ar\/sitio\/wp-json\/wp\/v2\/types\/post"}],"author":[{"embeddable":true,"href":"https:\/\/eldiariodesanpedro.com.ar\/sitio\/wp-json\/wp\/v2\/users\/4"}],"replies":[{"embeddable":true,"href":"https:\/\/eldiariodesanpedro.com.ar\/sitio\/wp-json\/wp\/v2\/comments?post=10183"}],"version-history":[{"count":1,"href":"https:\/\/eldiariodesanpedro.com.ar\/sitio\/wp-json\/wp\/v2\/posts\/10183\/revisions"}],"predecessor-version":[{"id":10184,"href":"https:\/\/eldiariodesanpedro.com.ar\/sitio\/wp-json\/wp\/v2\/posts\/10183\/revisions\/10184"}],"wp:featuredmedia":[{"embeddable":true,"href":"https:\/\/eldiariodesanpedro.com.ar\/sitio\/wp-json\/wp\/v2\/media\/4495"}],"wp:attachment":[{"href":"https:\/\/eldiariodesanpedro.com.ar\/sitio\/wp-json\/wp\/v2\/media?parent=10183"}],"wp:term":[{"taxonomy":"category","embeddable":true,"href":"https:\/\/eldiariodesanpedro.com.ar\/sitio\/wp-json\/wp\/v2\/categories?post=10183"},{"taxonomy":"post_tag","embeddable":true,"href":"https:\/\/eldiariodesanpedro.com.ar\/sitio\/wp-json\/wp\/v2\/tags?post=10183"}],"curies":[{"name":"wp","href":"https:\/\/api.w.org\/{rel}","templated":true}]}}