{"id":101821,"date":"2021-12-01T09:56:22","date_gmt":"2021-12-01T12:56:22","guid":{"rendered":"https:\/\/eldiariodesanpedro.com.ar\/sitio\/?p=101821"},"modified":"2021-12-01T09:56:24","modified_gmt":"2021-12-01T12:56:24","slug":"actividades-del-departamento-de-obras-publicas-de-coopser","status":"publish","type":"post","link":"https:\/\/eldiariodesanpedro.com.ar\/sitio\/actividades-del-departamento-de-obras-publicas-de-coopser\/","title":{"rendered":"Actividades del Departamento de Obras P\u00fablicas de COOPSER"},"content":{"rendered":"<!-- VideographyWP Plugin Message: Automatic video embedding prevented by plugin options. -->\n\n<p>El Sector de Obras P\u00fablicas de COOPSER se encuentra trabajando en diferentes proyectos y desde el \u00e1rea t\u00e9cnica se trabaja en aspectos administrativos para cumplir con nuevas tareas.<\/p>\n\n\n\n<p>Ante la obra contratada por la Municipalidad para las reformas en la Peatonal de calles Balcarce y Obligado, se destin\u00f3 el personal que ven\u00eda trabajando en las refacciones del Sal\u00f3n Comunitario a ese proyecto.<\/p>\n\n\n\n<p>Se estima reanudar las tareas en el sal\u00f3n de calle Pellegrini a mediados de este mes para continuar con lo previsto tras la conclusi\u00f3n del montaje del cerramiento vidriado del patio interno.<\/p>\n\n\n\n<p>Sobre la Peatonal se concluyeron las tareas en el tramo de Balcarce entre 25 de mayo y Mitre, y se trabaja ahora en Obligado entre Mitre y Pellegrini con una estimaci\u00f3n de dos semanas de tareas.<\/p>\n\n\n\n<p>All\u00ed se incluyen, demolici\u00f3n de vereda existente y ejecuci\u00f3n de nueva vereda en hormig\u00f3n peinado, ejecuci\u00f3n de vigas de contenci\u00f3n, ejecuci\u00f3n de pavimento articulado, ejecuci\u00f3n y colocaci\u00f3n de rejillas de hormig\u00f3n, colocaci\u00f3n de bolardos y colocaci\u00f3n y puesta en funcionamiento de luminarias.<\/p>\n\n\n\n<p>Dentro de las obras financiadas a trav\u00e9s del Fondo de Obras P\u00fablicas Comunitarias, se est\u00e1 promocionando la ejecuci\u00f3n de una obra de alumbrado p\u00fablico en Noseda y 24 de febrero entre Caseros y Laprida, para obtener la adhesi\u00f3n de los vecinos e iniciar el correspondiente expediente.<\/p>\n\n\n\n<p>Se obtuvo la aprobaci\u00f3n m\u00ednima necesaria para una obra de alumbrado en el Barrio La Providencia y se trabaja en la confecci\u00f3n del expediente para obtener la Ordenanza de Utilidad P\u00fablica y Pago Obligatorio y dar comienzo a la obra.<\/p>\n\n\n\n<p>Se est\u00e1 llevando a cabo la promoci\u00f3n de una obra de extensi\u00f3n de la red de gas natural de media presi\u00f3n para llegar con el servicio a los vecinos del Barrio Brisas del Paran\u00e1 ubicado en la zona de calle Laprida y Depietri.<\/p>\n\n\n\n<p>Se elabor\u00f3 proyecto y presupuesto por obra de movimiento de suelo y ejecuci\u00f3n de cord\u00f3n cuneta en calle Maestro Reina entre Arnaldo y San Martin y ahora debe comenzar la promoci\u00f3n con los vecinos.<\/p>\n\n\n\n<p>Cabe recordar que las obras enmarcadas en el Fondo de Obras P\u00fablicas Comunitarias se van analizando tras la presentaci\u00f3n de una nota manifestando el inter\u00e9s por parte de un grupo de vecinos. A partir de esa instancia se realiza el estudio de factibilidad, la cotizaci\u00f3n de la obra y la promoci\u00f3n en la zona comprendida para contar con la adhesi\u00f3n de por lo menos el 70% de los vecinos. Logrado ese objetivo se confecciona el expediente municipal para obtener la ordenanza que convierte a la obra en un proyecto \u00abde utilidad p\u00fablica y pago obligatorio\u00bb, para que los vecinos puedan comenzar a abonar en cuotas la parte del costo que deben asumir. Cumplidos todos estos pasos, se inicia la ejecuci\u00f3n de los trabajos.<\/p>\n\n\n\n<figure class=\"wp-block-image size-large\"><img decoding=\"async\" width=\"1024\" height=\"576\" data-attachment-id=\"101822\" data-permalink=\"https:\/\/eldiariodesanpedro.com.ar\/sitio\/actividades-del-departamento-de-obras-publicas-de-coopser\/obras-coopser-1-diciembre-1\/\" data-orig-file=\"https:\/\/eldiariodesanpedro.com.ar\/sitio\/wp-content\/uploads\/2021\/12\/obras-coopser-1-diciembre-1.jpeg\" data-orig-size=\"1120,630\" data-comments-opened=\"0\" data-image-meta=\"{&quot;aperture&quot;:&quot;0&quot;,&quot;credit&quot;:&quot;&quot;,&quot;camera&quot;:&quot;&quot;,&quot;caption&quot;:&quot;&quot;,&quot;created_timestamp&quot;:&quot;0&quot;,&quot;copyright&quot;:&quot;&quot;,&quot;focal_length&quot;:&quot;0&quot;,&quot;iso&quot;:&quot;0&quot;,&quot;shutter_speed&quot;:&quot;0&quot;,&quot;title&quot;:&quot;&quot;,&quot;orientation&quot;:&quot;0&quot;}\" data-image-title=\"obras coopser 1 diciembre (1)\" data-image-description=\"\" data-image-caption=\"\" data-large-file=\"https:\/\/eldiariodesanpedro.com.ar\/sitio\/wp-content\/uploads\/2021\/12\/obras-coopser-1-diciembre-1-1024x576.jpeg\" data-src=\"https:\/\/eldiariodesanpedro.com.ar\/sitio\/wp-content\/uploads\/2021\/12\/obras-coopser-1-diciembre-1-1024x576.jpeg\" alt=\"\" class=\"wp-image-101822 lazyload\" data-srcset=\"https:\/\/eldiariodesanpedro.com.ar\/sitio\/wp-content\/uploads\/2021\/12\/obras-coopser-1-diciembre-1-1024x576.jpeg 1024w, https:\/\/eldiariodesanpedro.com.ar\/sitio\/wp-content\/uploads\/2021\/12\/obras-coopser-1-diciembre-1-300x169.jpeg 300w, https:\/\/eldiariodesanpedro.com.ar\/sitio\/wp-content\/uploads\/2021\/12\/obras-coopser-1-diciembre-1-768x432.jpeg 768w, https:\/\/eldiariodesanpedro.com.ar\/sitio\/wp-content\/uploads\/2021\/12\/obras-coopser-1-diciembre-1-800x450.jpeg 800w, https:\/\/eldiariodesanpedro.com.ar\/sitio\/wp-content\/uploads\/2021\/12\/obras-coopser-1-diciembre-1.jpeg 1120w\" data-sizes=\"(max-width: 1024px) 100vw, 1024px\" src=\"data:image\/svg+xml;base64,PHN2ZyB3aWR0aD0iMSIgaGVpZ2h0PSIxIiB4bWxucz0iaHR0cDovL3d3dy53My5vcmcvMjAwMC9zdmciPjwvc3ZnPg==\" style=\"--smush-placeholder-width: 1024px; --smush-placeholder-aspect-ratio: 1024\/576;\" \/><\/figure>\n","protected":false},"excerpt":{"rendered":"<p>El Sector de Obras P\u00fablicas de COOPSER se encuentra trabajando en diferentes proyectos y desde el \u00e1rea t\u00e9cnica se trabaja en aspectos administrativos para cumplir con nuevas tareas. Ante la obra contratada por la Municipalidad para las reformas en la Peatonal de calles Balcarce y Obligado, se destin\u00f3 el personal que ven\u00eda trabajando en las [&hellip;]<\/p>\n","protected":false},"author":4,"featured_media":101824,"comment_status":"closed","ping_status":"closed","sticky":false,"template":"","format":"standard","meta":{"om_disable_all_campaigns":false,"_jetpack_memberships_contains_paid_content":false,"footnotes":""},"categories":[50,101,2],"tags":[],"class_list":["post-101821","post","type-post","status-publish","format-standard","has-post-thumbnail","hentry","category-destacadas","category-interes-general-locales","category-locales"],"aioseo_notices":[],"gutentor_comment":0,"jetpack_featured_media_url":"https:\/\/eldiariodesanpedro.com.ar\/sitio\/wp-content\/uploads\/2021\/12\/obras-coopser-1-diciembre-2.jpeg","jetpack_shortlink":"https:\/\/wp.me\/p6RhLt-quh","jetpack_sharing_enabled":true,"_links":{"self":[{"href":"https:\/\/eldiariodesanpedro.com.ar\/sitio\/wp-json\/wp\/v2\/posts\/101821","targetHints":{"allow":["GET"]}}],"collection":[{"href":"https:\/\/eldiariodesanpedro.com.ar\/sitio\/wp-json\/wp\/v2\/posts"}],"about":[{"href":"https:\/\/eldiariodesanpedro.com.ar\/sitio\/wp-json\/wp\/v2\/types\/post"}],"author":[{"embeddable":true,"href":"https:\/\/eldiariodesanpedro.com.ar\/sitio\/wp-json\/wp\/v2\/users\/4"}],"replies":[{"embeddable":true,"href":"https:\/\/eldiariodesanpedro.com.ar\/sitio\/wp-json\/wp\/v2\/comments?post=101821"}],"version-history":[{"count":1,"href":"https:\/\/eldiariodesanpedro.com.ar\/sitio\/wp-json\/wp\/v2\/posts\/101821\/revisions"}],"predecessor-version":[{"id":101825,"href":"https:\/\/eldiariodesanpedro.com.ar\/sitio\/wp-json\/wp\/v2\/posts\/101821\/revisions\/101825"}],"wp:featuredmedia":[{"embeddable":true,"href":"https:\/\/eldiariodesanpedro.com.ar\/sitio\/wp-json\/wp\/v2\/media\/101824"}],"wp:attachment":[{"href":"https:\/\/eldiariodesanpedro.com.ar\/sitio\/wp-json\/wp\/v2\/media?parent=101821"}],"wp:term":[{"taxonomy":"category","embeddable":true,"href":"https:\/\/eldiariodesanpedro.com.ar\/sitio\/wp-json\/wp\/v2\/categories?post=101821"},{"taxonomy":"post_tag","embeddable":true,"href":"https:\/\/eldiariodesanpedro.com.ar\/sitio\/wp-json\/wp\/v2\/tags?post=101821"}],"curies":[{"name":"wp","href":"https:\/\/api.w.org\/{rel}","templated":true}]}}