{"id":101812,"date":"2021-11-30T22:53:02","date_gmt":"2021-12-01T01:53:02","guid":{"rendered":"https:\/\/eldiariodesanpedro.com.ar\/sitio\/?p=101812"},"modified":"2021-11-30T23:35:05","modified_gmt":"2021-12-01T02:35:05","slug":"un-automovil-de-un-sampedrino-se-prendio-fuego-en-la-ruta-9-cuando-llegaba-a-la-balanza","status":"publish","type":"post","link":"https:\/\/eldiariodesanpedro.com.ar\/sitio\/un-automovil-de-un-sampedrino-se-prendio-fuego-en-la-ruta-9-cuando-llegaba-a-la-balanza\/","title":{"rendered":"Un autom\u00f3vil de un sampedrino se prendi\u00f3 fuego en la ruta 9 cuando llegaba a la balanza"},"content":{"rendered":"<!-- VideographyWP Plugin Message: Automatic video embedding prevented by plugin options. -->\n\n<p>Esta tarde noche ocurri\u00f3 un siniestro sobre la ruta nacional 9 a pocos metros de la balanza en el acceso a la ciudad de San Pedro, una dotaci\u00f3n de Bomberos tuvo que intervenir en el incendio de un autom\u00f3vil.<\/p>\n\n\n\n<p>El hecho ocurri\u00f3 en el Km 152,5 de la ruta nacional 9 frente a la balanza de control.<\/p>\n\n\n\n<p>Por razones que se tratan de establecer el auto Ford Fiesta  comenz\u00f3 a prenderse fuego siendo socorrido en primer lugar por los efectivos de polic\u00eda vial del destacamento ubicado en la zona y luego por una dotaci\u00f3n de bomberos.<\/p>\n\n\n\n<p>Afortunadamente el propietario oriundo de nuestra ciudad no sufri\u00f3 heridas y no fue necesaria la intervenci\u00f3n de una ambulancia del SAME, los da\u00f1os solo fueron materiales y se pudieron agarrar a tiempo antes de la destrucci\u00f3n total.<\/p>\n\n\n\n<figure class=\"wp-block-image size-full\"><a href=\"https:\/\/eldiariodesanpedro.com.ar\/sitio\/wp-content\/uploads\/2021\/11\/WhatsApp-Image-2021-11-30-at-22.00.17.jpeg\"><img decoding=\"async\" width=\"1000\" height=\"563\" data-attachment-id=\"101814\" data-permalink=\"https:\/\/eldiariodesanpedro.com.ar\/sitio\/un-automovil-de-un-sampedrino-se-prendio-fuego-en-la-ruta-9-cuando-llegaba-a-la-balanza\/whatsapp-image-2021-11-30-at-22-00-17\/\" data-orig-file=\"https:\/\/eldiariodesanpedro.com.ar\/sitio\/wp-content\/uploads\/2021\/11\/WhatsApp-Image-2021-11-30-at-22.00.17.jpeg\" data-orig-size=\"1000,563\" data-comments-opened=\"0\" data-image-meta=\"{&quot;aperture&quot;:&quot;0&quot;,&quot;credit&quot;:&quot;&quot;,&quot;camera&quot;:&quot;&quot;,&quot;caption&quot;:&quot;&quot;,&quot;created_timestamp&quot;:&quot;0&quot;,&quot;copyright&quot;:&quot;&quot;,&quot;focal_length&quot;:&quot;0&quot;,&quot;iso&quot;:&quot;0&quot;,&quot;shutter_speed&quot;:&quot;0&quot;,&quot;title&quot;:&quot;&quot;,&quot;orientation&quot;:&quot;0&quot;}\" data-image-title=\"WhatsApp Image 2021-11-30 at 22.00.17\" data-image-description=\"\" data-image-caption=\"\" data-large-file=\"https:\/\/eldiariodesanpedro.com.ar\/sitio\/wp-content\/uploads\/2021\/11\/WhatsApp-Image-2021-11-30-at-22.00.17.jpeg\" data-src=\"https:\/\/eldiariodesanpedro.com.ar\/sitio\/wp-content\/uploads\/2021\/11\/WhatsApp-Image-2021-11-30-at-22.00.17.jpeg\" alt=\"\" class=\"wp-image-101814 lazyload\" data-srcset=\"https:\/\/eldiariodesanpedro.com.ar\/sitio\/wp-content\/uploads\/2021\/11\/WhatsApp-Image-2021-11-30-at-22.00.17.jpeg 1000w, https:\/\/eldiariodesanpedro.com.ar\/sitio\/wp-content\/uploads\/2021\/11\/WhatsApp-Image-2021-11-30-at-22.00.17-300x169.jpeg 300w, https:\/\/eldiariodesanpedro.com.ar\/sitio\/wp-content\/uploads\/2021\/11\/WhatsApp-Image-2021-11-30-at-22.00.17-768x432.jpeg 768w, https:\/\/eldiariodesanpedro.com.ar\/sitio\/wp-content\/uploads\/2021\/11\/WhatsApp-Image-2021-11-30-at-22.00.17-800x450.jpeg 800w\" data-sizes=\"(max-width: 1000px) 100vw, 1000px\" src=\"data:image\/svg+xml;base64,PHN2ZyB3aWR0aD0iMSIgaGVpZ2h0PSIxIiB4bWxucz0iaHR0cDovL3d3dy53My5vcmcvMjAwMC9zdmciPjwvc3ZnPg==\" style=\"--smush-placeholder-width: 1000px; --smush-placeholder-aspect-ratio: 1000\/563;\" \/><\/a><\/figure>\n","protected":false},"excerpt":{"rendered":"<p>Esta tarde noche ocurri\u00f3 un siniestro sobre la ruta nacional 9 a pocos metros de la balanza en el acceso a la ciudad de San Pedro, una dotaci\u00f3n de Bomberos tuvo que intervenir en el incendio de un autom\u00f3vil. El hecho ocurri\u00f3 en el Km 152,5 de la ruta nacional 9 frente a la balanza [&hellip;]<\/p>\n","protected":false},"author":4,"featured_media":101813,"comment_status":"closed","ping_status":"closed","sticky":false,"template":"","format":"standard","meta":{"om_disable_all_campaigns":false,"_jetpack_memberships_contains_paid_content":false,"footnotes":""},"categories":[50,101,2],"tags":[],"class_list":["post-101812","post","type-post","status-publish","format-standard","has-post-thumbnail","hentry","category-destacadas","category-interes-general-locales","category-locales"],"aioseo_notices":[],"gutentor_comment":0,"jetpack_featured_media_url":"https:\/\/eldiariodesanpedro.com.ar\/sitio\/wp-content\/uploads\/2021\/11\/WhatsApp-Image-2021-11-30-at-22.00.16.jpeg","jetpack_shortlink":"https:\/\/wp.me\/p6RhLt-qu8","jetpack_sharing_enabled":true,"_links":{"self":[{"href":"https:\/\/eldiariodesanpedro.com.ar\/sitio\/wp-json\/wp\/v2\/posts\/101812","targetHints":{"allow":["GET"]}}],"collection":[{"href":"https:\/\/eldiariodesanpedro.com.ar\/sitio\/wp-json\/wp\/v2\/posts"}],"about":[{"href":"https:\/\/eldiariodesanpedro.com.ar\/sitio\/wp-json\/wp\/v2\/types\/post"}],"author":[{"embeddable":true,"href":"https:\/\/eldiariodesanpedro.com.ar\/sitio\/wp-json\/wp\/v2\/users\/4"}],"replies":[{"embeddable":true,"href":"https:\/\/eldiariodesanpedro.com.ar\/sitio\/wp-json\/wp\/v2\/comments?post=101812"}],"version-history":[{"count":3,"href":"https:\/\/eldiariodesanpedro.com.ar\/sitio\/wp-json\/wp\/v2\/posts\/101812\/revisions"}],"predecessor-version":[{"id":101818,"href":"https:\/\/eldiariodesanpedro.com.ar\/sitio\/wp-json\/wp\/v2\/posts\/101812\/revisions\/101818"}],"wp:featuredmedia":[{"embeddable":true,"href":"https:\/\/eldiariodesanpedro.com.ar\/sitio\/wp-json\/wp\/v2\/media\/101813"}],"wp:attachment":[{"href":"https:\/\/eldiariodesanpedro.com.ar\/sitio\/wp-json\/wp\/v2\/media?parent=101812"}],"wp:term":[{"taxonomy":"category","embeddable":true,"href":"https:\/\/eldiariodesanpedro.com.ar\/sitio\/wp-json\/wp\/v2\/categories?post=101812"},{"taxonomy":"post_tag","embeddable":true,"href":"https:\/\/eldiariodesanpedro.com.ar\/sitio\/wp-json\/wp\/v2\/tags?post=101812"}],"curies":[{"name":"wp","href":"https:\/\/api.w.org\/{rel}","templated":true}]}}