{"id":101809,"date":"2021-11-30T18:38:07","date_gmt":"2021-11-30T21:38:07","guid":{"rendered":"https:\/\/eldiariodesanpedro.com.ar\/sitio\/?p=101809"},"modified":"2021-11-30T18:38:10","modified_gmt":"2021-11-30T21:38:10","slug":"desde-manana-se-traslada-la-sede-del-sindicato-de-papel-a-su-nuevo-local","status":"publish","type":"post","link":"https:\/\/eldiariodesanpedro.com.ar\/sitio\/desde-manana-se-traslada-la-sede-del-sindicato-de-papel-a-su-nuevo-local\/","title":{"rendered":"Desde ma\u00f1ana se traslada la sede del Sindicato de Papel a su nuevo local"},"content":{"rendered":"<!-- VideographyWP Plugin Message: Automatic video embedding prevented by plugin options. -->\n\n<p>El Sindicato de la Industria del Papel y la Mutual de Seguridad Social informan que desde este mi\u00e9rcoles 1\u00ba de diciembre la atenci\u00f3n a los afiliados se brindar\u00e1 en las oficinas de Pav\u00f3n 450.<\/p>\n\n\n\n<p>Con el objetivo de brindar un mejor servicio a todos los trabajadores papeleros, los tr\u00e1mites y gestiones presenciales se realizar\u00e1n en las oficinas, donde funciona adem\u00e1s la Mutual de Trabajadores de Papel Prensa.<\/p>\n\n\n\n<p>Continuamos cumpliendo con todos los servicios, prepar\u00e1ndonos para el cierre del 2021 con la propuesta de nuevos descuentos en comercios y servicios, paquetes tur\u00edsticos y beneficios para los afiliados durante la temporada 2021\/2022.<\/p>\n\n\n\n<p>La v\u00eda de contactos para consultas es el 3329-564355. Solicitamos a nuestros afiliados y sus familias las disculpas del caso por las posibles complicaciones que generar\u00e1 este cambio durante los pr\u00f3ximos d\u00edas.<\/p>\n","protected":false},"excerpt":{"rendered":"<p>El Sindicato de la Industria del Papel y la Mutual de Seguridad Social informan que desde este mi\u00e9rcoles 1\u00ba de diciembre la atenci\u00f3n a los afiliados se brindar\u00e1 en las oficinas de Pav\u00f3n 450. Con el objetivo de brindar un mejor servicio a todos los trabajadores papeleros, los tr\u00e1mites y gestiones presenciales se realizar\u00e1n en [&hellip;]<\/p>\n","protected":false},"author":4,"featured_media":101810,"comment_status":"closed","ping_status":"closed","sticky":false,"template":"","format":"standard","meta":{"om_disable_all_campaigns":false,"_jetpack_memberships_contains_paid_content":false,"footnotes":""},"categories":[101,2],"tags":[],"class_list":["post-101809","post","type-post","status-publish","format-standard","has-post-thumbnail","hentry","category-interes-general-locales","category-locales"],"aioseo_notices":[],"gutentor_comment":0,"jetpack_featured_media_url":"https:\/\/eldiariodesanpedro.com.ar\/sitio\/wp-content\/uploads\/2021\/11\/WhatsApp-Image-2021-11-29-at-20.19.18.jpeg","jetpack_shortlink":"https:\/\/wp.me\/p6RhLt-qu5","jetpack_sharing_enabled":true,"_links":{"self":[{"href":"https:\/\/eldiariodesanpedro.com.ar\/sitio\/wp-json\/wp\/v2\/posts\/101809","targetHints":{"allow":["GET"]}}],"collection":[{"href":"https:\/\/eldiariodesanpedro.com.ar\/sitio\/wp-json\/wp\/v2\/posts"}],"about":[{"href":"https:\/\/eldiariodesanpedro.com.ar\/sitio\/wp-json\/wp\/v2\/types\/post"}],"author":[{"embeddable":true,"href":"https:\/\/eldiariodesanpedro.com.ar\/sitio\/wp-json\/wp\/v2\/users\/4"}],"replies":[{"embeddable":true,"href":"https:\/\/eldiariodesanpedro.com.ar\/sitio\/wp-json\/wp\/v2\/comments?post=101809"}],"version-history":[{"count":1,"href":"https:\/\/eldiariodesanpedro.com.ar\/sitio\/wp-json\/wp\/v2\/posts\/101809\/revisions"}],"predecessor-version":[{"id":101811,"href":"https:\/\/eldiariodesanpedro.com.ar\/sitio\/wp-json\/wp\/v2\/posts\/101809\/revisions\/101811"}],"wp:featuredmedia":[{"embeddable":true,"href":"https:\/\/eldiariodesanpedro.com.ar\/sitio\/wp-json\/wp\/v2\/media\/101810"}],"wp:attachment":[{"href":"https:\/\/eldiariodesanpedro.com.ar\/sitio\/wp-json\/wp\/v2\/media?parent=101809"}],"wp:term":[{"taxonomy":"category","embeddable":true,"href":"https:\/\/eldiariodesanpedro.com.ar\/sitio\/wp-json\/wp\/v2\/categories?post=101809"},{"taxonomy":"post_tag","embeddable":true,"href":"https:\/\/eldiariodesanpedro.com.ar\/sitio\/wp-json\/wp\/v2\/tags?post=101809"}],"curies":[{"name":"wp","href":"https:\/\/api.w.org\/{rel}","templated":true}]}}