{"id":101807,"date":"2021-11-30T18:17:47","date_gmt":"2021-11-30T21:17:47","guid":{"rendered":"https:\/\/eldiariodesanpedro.com.ar\/sitio\/?p=101807"},"modified":"2021-11-30T18:17:49","modified_gmt":"2021-11-30T21:17:49","slug":"dos-muertes-por-covid-en-una-semana-las-dos-eran-vecinas-y-estaban-vacunadas-cepa-delta","status":"publish","type":"post","link":"https:\/\/eldiariodesanpedro.com.ar\/sitio\/dos-muertes-por-covid-en-una-semana-las-dos-eran-vecinas-y-estaban-vacunadas-cepa-delta\/","title":{"rendered":"Dos muertes por covid en una semana, las dos eran vecinas y estaban vacunadas \u00bfCepa Delta?"},"content":{"rendered":"<!-- VideographyWP Plugin Message: Automatic video embedding prevented by plugin options. -->\n\n<p>La secretaria de salud inform\u00f3 el fallecimiento de una mujer de 82 a\u00f1os por coronavirus, se encontraba internada en terapia intensiva en las \u00faltimas semanas.<\/p>\n\n\n\n<p>La mujer fue identificada como una mujer de 82 se encontraba internada en el nosocomio local en terapia intensiva, desde el \u201cDiario de San Pedro\u201d lamentamos su deceso y brindamos apoyo a sus familiares.<\/p>\n\n\n\n<p>La mujer era vecina de la v\u00edctima de 89 a\u00f1os que falleci\u00f3 la semana pasada y se podr\u00edan haber contagiado la enfermedad.<\/p>\n\n\n\n<p>Nata es actualmente la v\u00edctima n\u00famero 240 por esta pandemia en nuestra ciudad y ser\u00eda la segunda en una semana despu\u00e9s de muchos meses sin v\u00edctimas fatales.<\/p>\n","protected":false},"excerpt":{"rendered":"<p>La secretaria de salud inform\u00f3 el fallecimiento de una mujer de 82 a\u00f1os por coronavirus, se encontraba internada en terapia intensiva en las \u00faltimas semanas. La mujer fue identificada como una mujer de 82 se encontraba internada en el nosocomio local en terapia intensiva, desde el \u201cDiario de San Pedro\u201d lamentamos su deceso y brindamos [&hellip;]<\/p>\n","protected":false},"author":4,"featured_media":86026,"comment_status":"closed","ping_status":"closed","sticky":false,"template":"","format":"standard","meta":{"om_disable_all_campaigns":false,"_jetpack_memberships_contains_paid_content":false,"footnotes":""},"categories":[50,101,2],"tags":[],"class_list":["post-101807","post","type-post","status-publish","format-standard","has-post-thumbnail","hentry","category-destacadas","category-interes-general-locales","category-locales"],"aioseo_notices":[],"gutentor_comment":0,"jetpack_featured_media_url":"https:\/\/eldiariodesanpedro.com.ar\/sitio\/wp-content\/uploads\/2021\/01\/coronavirus-los-numeros-la-nochebuena-y-navidad_658x400.jpg","jetpack_shortlink":"https:\/\/wp.me\/p6RhLt-qu3","jetpack_sharing_enabled":true,"_links":{"self":[{"href":"https:\/\/eldiariodesanpedro.com.ar\/sitio\/wp-json\/wp\/v2\/posts\/101807","targetHints":{"allow":["GET"]}}],"collection":[{"href":"https:\/\/eldiariodesanpedro.com.ar\/sitio\/wp-json\/wp\/v2\/posts"}],"about":[{"href":"https:\/\/eldiariodesanpedro.com.ar\/sitio\/wp-json\/wp\/v2\/types\/post"}],"author":[{"embeddable":true,"href":"https:\/\/eldiariodesanpedro.com.ar\/sitio\/wp-json\/wp\/v2\/users\/4"}],"replies":[{"embeddable":true,"href":"https:\/\/eldiariodesanpedro.com.ar\/sitio\/wp-json\/wp\/v2\/comments?post=101807"}],"version-history":[{"count":1,"href":"https:\/\/eldiariodesanpedro.com.ar\/sitio\/wp-json\/wp\/v2\/posts\/101807\/revisions"}],"predecessor-version":[{"id":101808,"href":"https:\/\/eldiariodesanpedro.com.ar\/sitio\/wp-json\/wp\/v2\/posts\/101807\/revisions\/101808"}],"wp:featuredmedia":[{"embeddable":true,"href":"https:\/\/eldiariodesanpedro.com.ar\/sitio\/wp-json\/wp\/v2\/media\/86026"}],"wp:attachment":[{"href":"https:\/\/eldiariodesanpedro.com.ar\/sitio\/wp-json\/wp\/v2\/media?parent=101807"}],"wp:term":[{"taxonomy":"category","embeddable":true,"href":"https:\/\/eldiariodesanpedro.com.ar\/sitio\/wp-json\/wp\/v2\/categories?post=101807"},{"taxonomy":"post_tag","embeddable":true,"href":"https:\/\/eldiariodesanpedro.com.ar\/sitio\/wp-json\/wp\/v2\/tags?post=101807"}],"curies":[{"name":"wp","href":"https:\/\/api.w.org\/{rel}","templated":true}]}}