{"id":101802,"date":"2021-11-30T17:02:07","date_gmt":"2021-11-30T20:02:07","guid":{"rendered":"https:\/\/eldiariodesanpedro.com.ar\/sitio\/?p=101802"},"modified":"2021-11-30T17:02:08","modified_gmt":"2021-11-30T20:02:08","slug":"un-joven-de-rio-tala-fue-encontrado-sin-vida-en-las-cercanias-de-ruta-191-y-ruta-nacional-9","status":"publish","type":"post","link":"https:\/\/eldiariodesanpedro.com.ar\/sitio\/un-joven-de-rio-tala-fue-encontrado-sin-vida-en-las-cercanias-de-ruta-191-y-ruta-nacional-9\/","title":{"rendered":"Un joven de R\u00edo Tala fue encontrado sin vida en las cercan\u00edas de ruta 191 y ruta nacional 9"},"content":{"rendered":"<!-- VideographyWP Plugin Message: Automatic video embedding prevented by plugin options. -->\n\n<p>En la tarde de este martes ocurri\u00f3 tr\u00e1gico hecho donde un joven de nuestra ciudad fue hallado sin vida en las afueras de la ciudad.<\/p>\n\n\n\n<p>Este martes alrededor de las 14 hs la polic\u00eda rural de nuestra ciudad se tuvo que hacer presente en cercan\u00edas de Ruta 191 y Ruta Nacional 9, en el camino al acceso de la colectora en el sentido Rosario &#8211; Buenos Aires.<\/p>\n\n\n\n<p>En el lugar desde la noche de este lunes se encontraba estacionado un Fiat Uno color rojo propiedad del joven hallado sin vida.<\/p>\n\n\n\n<p>En la tarde de hoy la polic\u00eda recibi\u00f3 un llamado informando la situaci\u00f3n extra\u00f1a de ese rodado que durante varias horas estuvo estacionado en el mismo lugar por lo que se hace presente una patrulla de la polic\u00eda rural, al investigar hallan el cuerpo sin vida del muchacho.<\/p>\n\n\n\n<p>Se pudo determinar que el joven identificado de edad de 32 a\u00f1os hab\u00eda decidido quitarse la vida durante la madrugada de hoy.<\/p>\n\n\n\n<p>En el lugar trabajo Policia Cientifica, una ambulancia del SAME para constatar el fallecimiento,  ademas los efectivos policiales y personal de la Fiscalia de Turno.<\/p>\n\n\n\n<figure class=\"wp-block-image size-large\"><img decoding=\"async\" width=\"1024\" height=\"497\" data-attachment-id=\"101805\" data-permalink=\"https:\/\/eldiariodesanpedro.com.ar\/sitio\/un-joven-de-rio-tala-fue-encontrado-sin-vida-en-las-cercanias-de-ruta-191-y-ruta-nacional-9\/whatsapp-image-2021-11-30-at-15-56-23-3\/\" data-orig-file=\"https:\/\/eldiariodesanpedro.com.ar\/sitio\/wp-content\/uploads\/2021\/11\/WhatsApp-Image-2021-11-30-at-15.56.23-3.jpeg\" data-orig-size=\"1200,583\" data-comments-opened=\"0\" data-image-meta=\"{&quot;aperture&quot;:&quot;0&quot;,&quot;credit&quot;:&quot;&quot;,&quot;camera&quot;:&quot;&quot;,&quot;caption&quot;:&quot;&quot;,&quot;created_timestamp&quot;:&quot;0&quot;,&quot;copyright&quot;:&quot;&quot;,&quot;focal_length&quot;:&quot;0&quot;,&quot;iso&quot;:&quot;0&quot;,&quot;shutter_speed&quot;:&quot;0&quot;,&quot;title&quot;:&quot;&quot;,&quot;orientation&quot;:&quot;0&quot;}\" data-image-title=\"WhatsApp Image 2021-11-30 at 15.56.23 (3)\" data-image-description=\"\" data-image-caption=\"\" data-large-file=\"https:\/\/eldiariodesanpedro.com.ar\/sitio\/wp-content\/uploads\/2021\/11\/WhatsApp-Image-2021-11-30-at-15.56.23-3-1024x497.jpeg\" data-src=\"https:\/\/eldiariodesanpedro.com.ar\/sitio\/wp-content\/uploads\/2021\/11\/WhatsApp-Image-2021-11-30-at-15.56.23-3-1024x497.jpeg\" alt=\"\" class=\"wp-image-101805 lazyload\" data-srcset=\"https:\/\/eldiariodesanpedro.com.ar\/sitio\/wp-content\/uploads\/2021\/11\/WhatsApp-Image-2021-11-30-at-15.56.23-3-1024x497.jpeg 1024w, https:\/\/eldiariodesanpedro.com.ar\/sitio\/wp-content\/uploads\/2021\/11\/WhatsApp-Image-2021-11-30-at-15.56.23-3-300x146.jpeg 300w, https:\/\/eldiariodesanpedro.com.ar\/sitio\/wp-content\/uploads\/2021\/11\/WhatsApp-Image-2021-11-30-at-15.56.23-3-768x373.jpeg 768w, https:\/\/eldiariodesanpedro.com.ar\/sitio\/wp-content\/uploads\/2021\/11\/WhatsApp-Image-2021-11-30-at-15.56.23-3.jpeg 1200w\" data-sizes=\"(max-width: 1024px) 100vw, 1024px\" src=\"data:image\/svg+xml;base64,PHN2ZyB3aWR0aD0iMSIgaGVpZ2h0PSIxIiB4bWxucz0iaHR0cDovL3d3dy53My5vcmcvMjAwMC9zdmciPjwvc3ZnPg==\" style=\"--smush-placeholder-width: 1024px; --smush-placeholder-aspect-ratio: 1024\/497;\" \/><\/figure>\n\n\n\n<figure class=\"wp-block-image size-large\"><img decoding=\"async\" width=\"1024\" height=\"497\" data-attachment-id=\"101803\" data-permalink=\"https:\/\/eldiariodesanpedro.com.ar\/sitio\/un-joven-de-rio-tala-fue-encontrado-sin-vida-en-las-cercanias-de-ruta-191-y-ruta-nacional-9\/whatsapp-image-2021-11-30-at-15-56-23-1\/\" data-orig-file=\"https:\/\/eldiariodesanpedro.com.ar\/sitio\/wp-content\/uploads\/2021\/11\/WhatsApp-Image-2021-11-30-at-15.56.23-1.jpeg\" data-orig-size=\"1200,583\" data-comments-opened=\"0\" data-image-meta=\"{&quot;aperture&quot;:&quot;0&quot;,&quot;credit&quot;:&quot;&quot;,&quot;camera&quot;:&quot;&quot;,&quot;caption&quot;:&quot;&quot;,&quot;created_timestamp&quot;:&quot;0&quot;,&quot;copyright&quot;:&quot;&quot;,&quot;focal_length&quot;:&quot;0&quot;,&quot;iso&quot;:&quot;0&quot;,&quot;shutter_speed&quot;:&quot;0&quot;,&quot;title&quot;:&quot;&quot;,&quot;orientation&quot;:&quot;0&quot;}\" data-image-title=\"WhatsApp Image 2021-11-30 at 15.56.23 (1)\" data-image-description=\"\" data-image-caption=\"\" data-large-file=\"https:\/\/eldiariodesanpedro.com.ar\/sitio\/wp-content\/uploads\/2021\/11\/WhatsApp-Image-2021-11-30-at-15.56.23-1-1024x497.jpeg\" data-src=\"https:\/\/eldiariodesanpedro.com.ar\/sitio\/wp-content\/uploads\/2021\/11\/WhatsApp-Image-2021-11-30-at-15.56.23-1-1024x497.jpeg\" alt=\"\" class=\"wp-image-101803 lazyload\" data-srcset=\"https:\/\/eldiariodesanpedro.com.ar\/sitio\/wp-content\/uploads\/2021\/11\/WhatsApp-Image-2021-11-30-at-15.56.23-1-1024x497.jpeg 1024w, https:\/\/eldiariodesanpedro.com.ar\/sitio\/wp-content\/uploads\/2021\/11\/WhatsApp-Image-2021-11-30-at-15.56.23-1-300x146.jpeg 300w, https:\/\/eldiariodesanpedro.com.ar\/sitio\/wp-content\/uploads\/2021\/11\/WhatsApp-Image-2021-11-30-at-15.56.23-1-768x373.jpeg 768w, https:\/\/eldiariodesanpedro.com.ar\/sitio\/wp-content\/uploads\/2021\/11\/WhatsApp-Image-2021-11-30-at-15.56.23-1.jpeg 1200w\" data-sizes=\"(max-width: 1024px) 100vw, 1024px\" src=\"data:image\/svg+xml;base64,PHN2ZyB3aWR0aD0iMSIgaGVpZ2h0PSIxIiB4bWxucz0iaHR0cDovL3d3dy53My5vcmcvMjAwMC9zdmciPjwvc3ZnPg==\" style=\"--smush-placeholder-width: 1024px; --smush-placeholder-aspect-ratio: 1024\/497;\" \/><\/figure>\n","protected":false},"excerpt":{"rendered":"<p>En la tarde de este martes ocurri\u00f3 tr\u00e1gico hecho donde un joven de nuestra ciudad fue hallado sin vida en las afueras de la ciudad. Este martes alrededor de las 14 hs la polic\u00eda rural de nuestra ciudad se tuvo que hacer presente en cercan\u00edas de Ruta 191 y Ruta Nacional 9, en el camino [&hellip;]<\/p>\n","protected":false},"author":4,"featured_media":101804,"comment_status":"closed","ping_status":"closed","sticky":false,"template":"","format":"standard","meta":{"om_disable_all_campaigns":false,"_jetpack_memberships_contains_paid_content":false,"footnotes":""},"categories":[50,2,103],"tags":[],"class_list":["post-101802","post","type-post","status-publish","format-standard","has-post-thumbnail","hentry","category-destacadas","category-locales","category-policiales-locales"],"aioseo_notices":[],"gutentor_comment":0,"jetpack_featured_media_url":"https:\/\/eldiariodesanpedro.com.ar\/sitio\/wp-content\/uploads\/2021\/11\/WhatsApp-Image-2021-11-30-at-15.56.23-2.jpeg","jetpack_shortlink":"https:\/\/wp.me\/p6RhLt-qtY","jetpack_sharing_enabled":true,"_links":{"self":[{"href":"https:\/\/eldiariodesanpedro.com.ar\/sitio\/wp-json\/wp\/v2\/posts\/101802","targetHints":{"allow":["GET"]}}],"collection":[{"href":"https:\/\/eldiariodesanpedro.com.ar\/sitio\/wp-json\/wp\/v2\/posts"}],"about":[{"href":"https:\/\/eldiariodesanpedro.com.ar\/sitio\/wp-json\/wp\/v2\/types\/post"}],"author":[{"embeddable":true,"href":"https:\/\/eldiariodesanpedro.com.ar\/sitio\/wp-json\/wp\/v2\/users\/4"}],"replies":[{"embeddable":true,"href":"https:\/\/eldiariodesanpedro.com.ar\/sitio\/wp-json\/wp\/v2\/comments?post=101802"}],"version-history":[{"count":1,"href":"https:\/\/eldiariodesanpedro.com.ar\/sitio\/wp-json\/wp\/v2\/posts\/101802\/revisions"}],"predecessor-version":[{"id":101806,"href":"https:\/\/eldiariodesanpedro.com.ar\/sitio\/wp-json\/wp\/v2\/posts\/101802\/revisions\/101806"}],"wp:featuredmedia":[{"embeddable":true,"href":"https:\/\/eldiariodesanpedro.com.ar\/sitio\/wp-json\/wp\/v2\/media\/101804"}],"wp:attachment":[{"href":"https:\/\/eldiariodesanpedro.com.ar\/sitio\/wp-json\/wp\/v2\/media?parent=101802"}],"wp:term":[{"taxonomy":"category","embeddable":true,"href":"https:\/\/eldiariodesanpedro.com.ar\/sitio\/wp-json\/wp\/v2\/categories?post=101802"},{"taxonomy":"post_tag","embeddable":true,"href":"https:\/\/eldiariodesanpedro.com.ar\/sitio\/wp-json\/wp\/v2\/tags?post=101802"}],"curies":[{"name":"wp","href":"https:\/\/api.w.org\/{rel}","templated":true}]}}