{"id":10179,"date":"2016-11-14T18:48:09","date_gmt":"2016-11-14T21:48:09","guid":{"rendered":"https:\/\/eldiariodesanpedro.com.ar\/sitio\/?p=10179"},"modified":"2016-11-14T18:48:09","modified_gmt":"2016-11-14T21:48:09","slug":"el-subsecretario-de-planificacion-territorial-de-la-inversion-publica-encabezo-un-encuentro-en-san-pedro","status":"publish","type":"post","link":"https:\/\/eldiariodesanpedro.com.ar\/sitio\/el-subsecretario-de-planificacion-territorial-de-la-inversion-publica-encabezo-un-encuentro-en-san-pedro\/","title":{"rendered":"El subsecretario de Planificaci\u00f3n Territorial de la Inversi\u00f3n P\u00fablica encabez\u00f3 un encuentro en San Pedro"},"content":{"rendered":"<p><!-- VideographyWP Plugin Message: Automatic video embedding prevented by plugin options. --><br \/>\nEl evento se llev\u00f3 a cabo en Cocina Abierta 505 y fue presidido por el intendente Salazar. Particip\u00f3 la mayor\u00eda de los funcionarios municipales.<\/p>\n<p>En la ma\u00f1ana de este lunes arrib\u00f3 a la ciudad Fernando \u00c1lvarez de Celis, subsecretario de Planificaci\u00f3n Territorial de la Inversi\u00f3n P\u00fablica perteneciente al Ministerio del Interior, Obras P\u00fablicas y Vivienda.<\/p>\n<p>En relaci\u00f3n a ello, el intendente Salazar manifest\u00f3: \u201cLa visita de Fernando y de todos los funcionarios para nosotros es valiosa porque eso nos permite a nosotros llegar con propuestas, con proyectos en este caso al Ministerio del Interior\u201d.<\/p>\n<p>En tanto, \u00c1lvarez de Celis agreg\u00f3: \u201cEl Estado nacional tiene recursos en lo que es infraestructura b\u00e1sica, en lo que es \u00e1reas vulnerables, en lo que es equipamiento social\u201d y sostuvo: \u201cTiene muchos recursos para distribuir pero tienen que estar planificado, que es lo que nos pide Rogelio Frigerio, el ministro\u201d.<\/p>\n<p>Asimismo resalt\u00f3: \u201cVenimos a escuchar, el territorio lo conoce Cecilio m\u00e1s que nadie, lo conoce su equipo y esa interacci\u00f3n entre Naci\u00f3n, Provincia y Municipio, que es lo que nos pide la gente, que nos juntemos para trabajar en equipo, lo estamos haciendo\u201d.<\/p>\n<p>Al tiempo, sostuvo que la idea es \u201cgenerar un plan estrat\u00e9gico operativo\u201d de la ciudad. Y en ese sentido consider\u00f3: \u201cLas villas miserias hay que erradicarlas, tienen que ser parte de la ciudad y eso se tiene que hacer coordinado con el gobierno local\u201d.<\/p>\n<p>Y destac\u00f3 sobre las necesidades de la ciudad: \u201cEn San Pedro particularmente el tema de la inundaci\u00f3n, la falta de infraestructura y la de servicios, que es clave, y la inversi\u00f3n p\u00fablica que vamos a hacer, que no es menor\u201d.<\/p>\n","protected":false},"excerpt":{"rendered":"<p>El evento se llev\u00f3 a cabo en Cocina Abierta 505 y fue presidido por el intendente Salazar. Particip\u00f3 la mayor\u00eda de los funcionarios municipales. En la ma\u00f1ana de este lunes arrib\u00f3 a la ciudad Fernando \u00c1lvarez de Celis, subsecretario de Planificaci\u00f3n Territorial de la Inversi\u00f3n P\u00fablica perteneciente al Ministerio del Interior, Obras P\u00fablicas y Vivienda. [&hellip;]<\/p>\n","protected":false},"author":4,"featured_media":10181,"comment_status":"open","ping_status":"closed","sticky":false,"template":"","format":"standard","meta":{"om_disable_all_campaigns":false,"_jetpack_memberships_contains_paid_content":false,"footnotes":""},"categories":[50,2,102],"tags":[],"class_list":["post-10179","post","type-post","status-publish","format-standard","has-post-thumbnail","hentry","category-destacadas","category-locales","category-politica-locales"],"aioseo_notices":[],"gutentor_comment":0,"jetpack_featured_media_url":"https:\/\/eldiariodesanpedro.com.ar\/sitio\/wp-content\/uploads\/2016\/11\/ALVAREZ-DE-CELIS-y-salazar.jpg","jetpack_shortlink":"https:\/\/wp.me\/p6RhLt-2Eb","jetpack_sharing_enabled":true,"_links":{"self":[{"href":"https:\/\/eldiariodesanpedro.com.ar\/sitio\/wp-json\/wp\/v2\/posts\/10179","targetHints":{"allow":["GET"]}}],"collection":[{"href":"https:\/\/eldiariodesanpedro.com.ar\/sitio\/wp-json\/wp\/v2\/posts"}],"about":[{"href":"https:\/\/eldiariodesanpedro.com.ar\/sitio\/wp-json\/wp\/v2\/types\/post"}],"author":[{"embeddable":true,"href":"https:\/\/eldiariodesanpedro.com.ar\/sitio\/wp-json\/wp\/v2\/users\/4"}],"replies":[{"embeddable":true,"href":"https:\/\/eldiariodesanpedro.com.ar\/sitio\/wp-json\/wp\/v2\/comments?post=10179"}],"version-history":[{"count":1,"href":"https:\/\/eldiariodesanpedro.com.ar\/sitio\/wp-json\/wp\/v2\/posts\/10179\/revisions"}],"predecessor-version":[{"id":10182,"href":"https:\/\/eldiariodesanpedro.com.ar\/sitio\/wp-json\/wp\/v2\/posts\/10179\/revisions\/10182"}],"wp:featuredmedia":[{"embeddable":true,"href":"https:\/\/eldiariodesanpedro.com.ar\/sitio\/wp-json\/wp\/v2\/media\/10181"}],"wp:attachment":[{"href":"https:\/\/eldiariodesanpedro.com.ar\/sitio\/wp-json\/wp\/v2\/media?parent=10179"}],"wp:term":[{"taxonomy":"category","embeddable":true,"href":"https:\/\/eldiariodesanpedro.com.ar\/sitio\/wp-json\/wp\/v2\/categories?post=10179"},{"taxonomy":"post_tag","embeddable":true,"href":"https:\/\/eldiariodesanpedro.com.ar\/sitio\/wp-json\/wp\/v2\/tags?post=10179"}],"curies":[{"name":"wp","href":"https:\/\/api.w.org\/{rel}","templated":true}]}}