{"id":101788,"date":"2021-11-30T16:13:50","date_gmt":"2021-11-30T19:13:50","guid":{"rendered":"https:\/\/eldiariodesanpedro.com.ar\/sitio\/?p=101788"},"modified":"2021-11-30T16:13:53","modified_gmt":"2021-11-30T19:13:53","slug":"coopser-informa-corte-de-energia-en-la-zona-de-villa-jardin","status":"publish","type":"post","link":"https:\/\/eldiariodesanpedro.com.ar\/sitio\/coopser-informa-corte-de-energia-en-la-zona-de-villa-jardin\/","title":{"rendered":"Coopser informa corte de energ\u00eda en la zona de Villa Jard\u00edn"},"content":{"rendered":"<!-- VideographyWP Plugin Message: Automatic video embedding prevented by plugin options. -->\n\n<p><strong>COOPSER informa que ma\u00f1ana mi\u00e9rcoles 1 de diciembre, se cumplir\u00e1 con un corte de energ\u00eda el\u00e9ctrica en el Camino al Aeroclub San Pedro con el siguiente diagrama:<br><\/strong><br>7 a 8 hs. desde el 900 al 4.500 incluyendo el Vivero Ginart.<\/p>\n\n\n\n<p>7 a 10.30 hs. desde el 900 al 3000.<\/p>\n\n\n\n<p>10.30 a 11 hs. desde&nbsp; el 0 (intersecci\u00f3n con calle J.M Estrada) hasta el 900.<\/p>\n","protected":false},"excerpt":{"rendered":"<p>COOPSER informa que ma\u00f1ana mi\u00e9rcoles 1 de diciembre, se cumplir\u00e1 con un corte de energ\u00eda el\u00e9ctrica en el Camino al Aeroclub San Pedro con el siguiente diagrama:7 a 8 hs. desde el 900 al 4.500 incluyendo el Vivero Ginart. 7 a 10.30 hs. desde el 900 al 3000. 10.30 a 11 hs. desde&nbsp; el 0 [&hellip;]<\/p>\n","protected":false},"author":4,"featured_media":68312,"comment_status":"closed","ping_status":"closed","sticky":false,"template":"","format":"standard","meta":{"om_disable_all_campaigns":false,"_jetpack_memberships_contains_paid_content":false,"footnotes":""},"categories":[101,2],"tags":[],"class_list":["post-101788","post","type-post","status-publish","format-standard","has-post-thumbnail","hentry","category-interes-general-locales","category-locales"],"aioseo_notices":[],"gutentor_comment":0,"jetpack_featured_media_url":"https:\/\/eldiariodesanpedro.com.ar\/sitio\/wp-content\/uploads\/2020\/02\/coopser1.png","jetpack_shortlink":"https:\/\/wp.me\/p6RhLt-qtK","jetpack_sharing_enabled":true,"_links":{"self":[{"href":"https:\/\/eldiariodesanpedro.com.ar\/sitio\/wp-json\/wp\/v2\/posts\/101788","targetHints":{"allow":["GET"]}}],"collection":[{"href":"https:\/\/eldiariodesanpedro.com.ar\/sitio\/wp-json\/wp\/v2\/posts"}],"about":[{"href":"https:\/\/eldiariodesanpedro.com.ar\/sitio\/wp-json\/wp\/v2\/types\/post"}],"author":[{"embeddable":true,"href":"https:\/\/eldiariodesanpedro.com.ar\/sitio\/wp-json\/wp\/v2\/users\/4"}],"replies":[{"embeddable":true,"href":"https:\/\/eldiariodesanpedro.com.ar\/sitio\/wp-json\/wp\/v2\/comments?post=101788"}],"version-history":[{"count":1,"href":"https:\/\/eldiariodesanpedro.com.ar\/sitio\/wp-json\/wp\/v2\/posts\/101788\/revisions"}],"predecessor-version":[{"id":101789,"href":"https:\/\/eldiariodesanpedro.com.ar\/sitio\/wp-json\/wp\/v2\/posts\/101788\/revisions\/101789"}],"wp:featuredmedia":[{"embeddable":true,"href":"https:\/\/eldiariodesanpedro.com.ar\/sitio\/wp-json\/wp\/v2\/media\/68312"}],"wp:attachment":[{"href":"https:\/\/eldiariodesanpedro.com.ar\/sitio\/wp-json\/wp\/v2\/media?parent=101788"}],"wp:term":[{"taxonomy":"category","embeddable":true,"href":"https:\/\/eldiariodesanpedro.com.ar\/sitio\/wp-json\/wp\/v2\/categories?post=101788"},{"taxonomy":"post_tag","embeddable":true,"href":"https:\/\/eldiariodesanpedro.com.ar\/sitio\/wp-json\/wp\/v2\/tags?post=101788"}],"curies":[{"name":"wp","href":"https:\/\/api.w.org\/{rel}","templated":true}]}}