{"id":101765,"date":"2021-11-30T10:54:30","date_gmt":"2021-11-30T13:54:30","guid":{"rendered":"https:\/\/eldiariodesanpedro.com.ar\/sitio\/?p=101765"},"modified":"2021-11-30T10:54:31","modified_gmt":"2021-11-30T13:54:31","slug":"femeba-adquirio-una-propiedad-en-san-pedro","status":"publish","type":"post","link":"https:\/\/eldiariodesanpedro.com.ar\/sitio\/femeba-adquirio-una-propiedad-en-san-pedro\/","title":{"rendered":"Femeba adquiri\u00f3 una propiedad en San Pedro"},"content":{"rendered":"<!-- VideographyWP Plugin Message: Automatic video embedding prevented by plugin options. -->\n\n<p>La entidad provincial tendr\u00eda planeado desarrollar un importante proyecto en la ciudad vinculado al sector sanitario.<\/p>\n\n\n\n<p>D\u00edas atr\u00e1s se supo que la Federaci\u00f3n M\u00e9dica de la Provincia de Buenos Aires (Femeba) adquiri\u00f3 una importante propiedad en el radio urbano de la ciudad. La misma se encuentra ubicada en la intersecci\u00f3n de Pellegrini y Caroni, donde hasta hace poco funcion\u00f3 una verduler\u00eda y antiguamente una empresa de empaque de frutas.<\/p>\n\n\n\n<p>Seg\u00fan trascendi\u00f3, en un futuro no muy lejano, la entidad provincial proyecta la construcci\u00f3n en ese lugar de consultorios y un sector administrativo que le brinde mayor comodidad y servicios en una etapa tan cr\u00edtica como la que atraviesa la comunidad en materia sanitaria.<\/p>\n\n\n\n<p><\/p>\n","protected":false},"excerpt":{"rendered":"<p>La entidad provincial tendr\u00eda planeado desarrollar un importante proyecto en la ciudad vinculado al sector sanitario. D\u00edas atr\u00e1s se supo que la Federaci\u00f3n M\u00e9dica de la Provincia de Buenos Aires (Femeba) adquiri\u00f3 una importante propiedad en el radio urbano de la ciudad. La misma se encuentra ubicada en la intersecci\u00f3n de Pellegrini y Caroni, donde [&hellip;]<\/p>\n","protected":false},"author":4,"featured_media":101766,"comment_status":"closed","ping_status":"closed","sticky":false,"template":"","format":"standard","meta":{"om_disable_all_campaigns":false,"_jetpack_memberships_contains_paid_content":false,"footnotes":""},"categories":[101,2],"tags":[],"class_list":["post-101765","post","type-post","status-publish","format-standard","has-post-thumbnail","hentry","category-interes-general-locales","category-locales"],"aioseo_notices":[],"gutentor_comment":0,"jetpack_featured_media_url":"https:\/\/eldiariodesanpedro.com.ar\/sitio\/wp-content\/uploads\/2021\/11\/0000020532-resized-1920x1080-1.jpeg","jetpack_shortlink":"https:\/\/wp.me\/p6RhLt-qtn","jetpack_sharing_enabled":true,"_links":{"self":[{"href":"https:\/\/eldiariodesanpedro.com.ar\/sitio\/wp-json\/wp\/v2\/posts\/101765","targetHints":{"allow":["GET"]}}],"collection":[{"href":"https:\/\/eldiariodesanpedro.com.ar\/sitio\/wp-json\/wp\/v2\/posts"}],"about":[{"href":"https:\/\/eldiariodesanpedro.com.ar\/sitio\/wp-json\/wp\/v2\/types\/post"}],"author":[{"embeddable":true,"href":"https:\/\/eldiariodesanpedro.com.ar\/sitio\/wp-json\/wp\/v2\/users\/4"}],"replies":[{"embeddable":true,"href":"https:\/\/eldiariodesanpedro.com.ar\/sitio\/wp-json\/wp\/v2\/comments?post=101765"}],"version-history":[{"count":1,"href":"https:\/\/eldiariodesanpedro.com.ar\/sitio\/wp-json\/wp\/v2\/posts\/101765\/revisions"}],"predecessor-version":[{"id":101767,"href":"https:\/\/eldiariodesanpedro.com.ar\/sitio\/wp-json\/wp\/v2\/posts\/101765\/revisions\/101767"}],"wp:featuredmedia":[{"embeddable":true,"href":"https:\/\/eldiariodesanpedro.com.ar\/sitio\/wp-json\/wp\/v2\/media\/101766"}],"wp:attachment":[{"href":"https:\/\/eldiariodesanpedro.com.ar\/sitio\/wp-json\/wp\/v2\/media?parent=101765"}],"wp:term":[{"taxonomy":"category","embeddable":true,"href":"https:\/\/eldiariodesanpedro.com.ar\/sitio\/wp-json\/wp\/v2\/categories?post=101765"},{"taxonomy":"post_tag","embeddable":true,"href":"https:\/\/eldiariodesanpedro.com.ar\/sitio\/wp-json\/wp\/v2\/tags?post=101765"}],"curies":[{"name":"wp","href":"https:\/\/api.w.org\/{rel}","templated":true}]}}