{"id":101761,"date":"2021-11-30T10:51:58","date_gmt":"2021-11-30T13:51:58","guid":{"rendered":"https:\/\/eldiariodesanpedro.com.ar\/sitio\/?p=101761"},"modified":"2021-11-30T10:52:00","modified_gmt":"2021-11-30T13:52:00","slug":"eduardo-genova-es-el-nuevo-presidente-del-aeroclub-san-pedro","status":"publish","type":"post","link":"https:\/\/eldiariodesanpedro.com.ar\/sitio\/eduardo-genova-es-el-nuevo-presidente-del-aeroclub-san-pedro\/","title":{"rendered":"Eduardo G\u00e9nova es el nuevo presidente del Aeroclub San Pedro"},"content":{"rendered":"<!-- VideographyWP Plugin Message: Automatic video embedding prevented by plugin options. -->\n\n<p>Finalmente se realiz\u00f3 la Asamblea Extraordinaria y el reconocido piloto fue proclamado referente de la entidad que deber\u00e1 renovar su permiso de estad\u00eda en el aer\u00f3dromo de nuestra ciudad.<\/p>\n\n\n\n<p>Luego de la renuncia de la comisi\u00f3n anterior y una controvertida decisi\u00f3n de la&nbsp;&nbsp;Direcci\u00f3n de Planificaci\u00f3n Aeroportuaria que intim\u00f3 al Aeroclub San Pedro para que desaloje el sector que ten\u00eda en el Aer\u00f3dromo de nuestra ciudad, en la noche del lunes se llev\u00f3 a cabo la Asamblea Extraordinaria donde se renov\u00f3 la Comisi\u00f3n Directiva.<\/p>\n\n\n\n<p>El piloto Eduardo G\u00e9nova, quien lideraba la lista \u00abPor un Aeroclub Libre\u00bb fue proclamado nuevo Presidente de la entidad que ahora deber\u00e1 tramitar su reingreso al lugar que es propiedad de la Provincia de Buenos Aires.<\/p>\n\n\n\n<p><strong>La nueva CD qued\u00f3 establecida de la siguiente manera:<\/strong> <\/p>\n\n\n\n<p><strong>PRESIDENTE<\/strong> EDUARDO MIGUEL GENOVA <br><strong>VICEPRESIDENTE <\/strong>ABEL ANSELMO DEBOCK <br><strong>SECRETARIO<\/strong> RAMIRO JOSE TORRESIN <br><strong>PRO-SECRETARIO<\/strong> PABLO HORACIO CASTILLO <br><strong>TESORERO<\/strong> JORGE ALBERTO CASO  <br><strong>PRO-TESORERO<\/strong> JAVIER OSCAR MU\u00d1OZ  <br><strong>VOCALES <\/strong><br><strong>1-<\/strong>\u00a0JUAN JOSE DIAZ <br><strong>2-<\/strong>\u00a0JAVIER ALEJANDRO CASCO <br><strong>3-<\/strong>\u00a0CARLOS ALBERTO LUZZI<\/p>\n\n\n\n<p><strong>VOCALES SUPLENTES<\/strong> <br><strong>1-<\/strong>\u00a0RAMIRO MARTIN RODRIGUEZ MAMBERTI <br><strong>2-<\/strong>\u00a0FERNANDO AMATRIAIN <br><strong>3-<\/strong>\u00a0CRISTIAN ALBERTO AGUIRRE<\/p>\n\n\n\n<p><strong>REVISORES DE CUENTAS<\/strong> <br><strong>1-<\/strong>\u00a0JOSE BERNARDO PAN <br><strong>2-<\/strong>\u00a0EDUARDO HECTOR CAMPOS <br><strong>3-<\/strong>\u00a0GASTON FARIAS<\/p>\n\n\n\n<figure class=\"wp-block-image size-full\"><img decoding=\"async\" width=\"981\" height=\"630\" data-attachment-id=\"101763\" data-permalink=\"https:\/\/eldiariodesanpedro.com.ar\/sitio\/eduardo-genova-es-el-nuevo-presidente-del-aeroclub-san-pedro\/descarga-1-18\/\" data-orig-file=\"https:\/\/eldiariodesanpedro.com.ar\/sitio\/wp-content\/uploads\/2021\/11\/descarga-1.jpg\" data-orig-size=\"981,630\" data-comments-opened=\"0\" data-image-meta=\"{&quot;aperture&quot;:&quot;0&quot;,&quot;credit&quot;:&quot;&quot;,&quot;camera&quot;:&quot;&quot;,&quot;caption&quot;:&quot;&quot;,&quot;created_timestamp&quot;:&quot;0&quot;,&quot;copyright&quot;:&quot;&quot;,&quot;focal_length&quot;:&quot;0&quot;,&quot;iso&quot;:&quot;0&quot;,&quot;shutter_speed&quot;:&quot;0&quot;,&quot;title&quot;:&quot;&quot;,&quot;orientation&quot;:&quot;0&quot;}\" data-image-title=\"descarga-1\" data-image-description=\"\" data-image-caption=\"\" data-large-file=\"https:\/\/eldiariodesanpedro.com.ar\/sitio\/wp-content\/uploads\/2021\/11\/descarga-1.jpg\" data-src=\"https:\/\/eldiariodesanpedro.com.ar\/sitio\/wp-content\/uploads\/2021\/11\/descarga-1.jpg\" alt=\"\" class=\"wp-image-101763 lazyload\" data-srcset=\"https:\/\/eldiariodesanpedro.com.ar\/sitio\/wp-content\/uploads\/2021\/11\/descarga-1.jpg 981w, https:\/\/eldiariodesanpedro.com.ar\/sitio\/wp-content\/uploads\/2021\/11\/descarga-1-300x193.jpg 300w, https:\/\/eldiariodesanpedro.com.ar\/sitio\/wp-content\/uploads\/2021\/11\/descarga-1-768x493.jpg 768w\" data-sizes=\"(max-width: 981px) 100vw, 981px\" src=\"data:image\/svg+xml;base64,PHN2ZyB3aWR0aD0iMSIgaGVpZ2h0PSIxIiB4bWxucz0iaHR0cDovL3d3dy53My5vcmcvMjAwMC9zdmciPjwvc3ZnPg==\" style=\"--smush-placeholder-width: 981px; --smush-placeholder-aspect-ratio: 981\/630;\" \/><\/figure>\n","protected":false},"excerpt":{"rendered":"<p>Finalmente se realiz\u00f3 la Asamblea Extraordinaria y el reconocido piloto fue proclamado referente de la entidad que deber\u00e1 renovar su permiso de estad\u00eda en el aer\u00f3dromo de nuestra ciudad. Luego de la renuncia de la comisi\u00f3n anterior y una controvertida decisi\u00f3n de la&nbsp;&nbsp;Direcci\u00f3n de Planificaci\u00f3n Aeroportuaria que intim\u00f3 al Aeroclub San Pedro para que desaloje [&hellip;]<\/p>\n","protected":false},"author":4,"featured_media":101762,"comment_status":"closed","ping_status":"closed","sticky":false,"template":"","format":"standard","meta":{"om_disable_all_campaigns":false,"_jetpack_memberships_contains_paid_content":false,"footnotes":""},"categories":[50,101,2],"tags":[],"class_list":["post-101761","post","type-post","status-publish","format-standard","has-post-thumbnail","hentry","category-destacadas","category-interes-general-locales","category-locales"],"aioseo_notices":[],"gutentor_comment":0,"jetpack_featured_media_url":"https:\/\/eldiariodesanpedro.com.ar\/sitio\/wp-content\/uploads\/2021\/11\/0000020531-resized-1920x1080-1.jpeg","jetpack_shortlink":"https:\/\/wp.me\/p6RhLt-qtj","jetpack_sharing_enabled":true,"_links":{"self":[{"href":"https:\/\/eldiariodesanpedro.com.ar\/sitio\/wp-json\/wp\/v2\/posts\/101761","targetHints":{"allow":["GET"]}}],"collection":[{"href":"https:\/\/eldiariodesanpedro.com.ar\/sitio\/wp-json\/wp\/v2\/posts"}],"about":[{"href":"https:\/\/eldiariodesanpedro.com.ar\/sitio\/wp-json\/wp\/v2\/types\/post"}],"author":[{"embeddable":true,"href":"https:\/\/eldiariodesanpedro.com.ar\/sitio\/wp-json\/wp\/v2\/users\/4"}],"replies":[{"embeddable":true,"href":"https:\/\/eldiariodesanpedro.com.ar\/sitio\/wp-json\/wp\/v2\/comments?post=101761"}],"version-history":[{"count":1,"href":"https:\/\/eldiariodesanpedro.com.ar\/sitio\/wp-json\/wp\/v2\/posts\/101761\/revisions"}],"predecessor-version":[{"id":101764,"href":"https:\/\/eldiariodesanpedro.com.ar\/sitio\/wp-json\/wp\/v2\/posts\/101761\/revisions\/101764"}],"wp:featuredmedia":[{"embeddable":true,"href":"https:\/\/eldiariodesanpedro.com.ar\/sitio\/wp-json\/wp\/v2\/media\/101762"}],"wp:attachment":[{"href":"https:\/\/eldiariodesanpedro.com.ar\/sitio\/wp-json\/wp\/v2\/media?parent=101761"}],"wp:term":[{"taxonomy":"category","embeddable":true,"href":"https:\/\/eldiariodesanpedro.com.ar\/sitio\/wp-json\/wp\/v2\/categories?post=101761"},{"taxonomy":"post_tag","embeddable":true,"href":"https:\/\/eldiariodesanpedro.com.ar\/sitio\/wp-json\/wp\/v2\/tags?post=101761"}],"curies":[{"name":"wp","href":"https:\/\/api.w.org\/{rel}","templated":true}]}}