{"id":101753,"date":"2021-11-30T10:15:59","date_gmt":"2021-11-30T13:15:59","guid":{"rendered":"https:\/\/eldiariodesanpedro.com.ar\/sitio\/?p=101753"},"modified":"2021-11-30T10:16:01","modified_gmt":"2021-11-30T13:16:01","slug":"continua-abierta-la-inscripcion-para-sumarse-a-la-policia-bonaerense","status":"publish","type":"post","link":"https:\/\/eldiariodesanpedro.com.ar\/sitio\/continua-abierta-la-inscripcion-para-sumarse-a-la-policia-bonaerense\/","title":{"rendered":"Contin\u00faa abierta la inscripci\u00f3n para sumarse a la Polic\u00eda Bonaerense"},"content":{"rendered":"<!-- VideographyWP Plugin Message: Automatic video embedding prevented by plugin options. -->\n\n<p><strong>Los aspirantes a integrar la fuerza provincial de seguridad ya pueden anotarse para el ciclo 2022. C\u00f3mo inscribirse y cu\u00e1les son los requisitos.<\/strong><\/p>\n\n\n\n<p><strong>La Polic\u00eda Bonaerense indic\u00f3 que&nbsp;todav\u00eda abierta la convocatoria para el ingreso a las Escuelas de Formaci\u00f3n Policial de la Provincia de Buenos Aires.&nbsp;<\/strong>As\u00ed lo anunciaron a trav\u00e9s de sus redes sociales, donde publicaron los requisitos necesarios para los candidatos,&nbsp;quienes deber\u00e1n completar una preinscripci\u00f3n online a trav\u00e9s de&nbsp;<a href=\"http:\/\/%20https\/\/www.mseg.gba.gov.ar\/ingreso.html\">la p\u00e1gina del Ministerio de Seguridad<\/a>&nbsp;para iniciar el tr\u00e1mite.<\/p>\n\n\n\n<p>Seg\u00fan se detall\u00f3, los postulantes deber\u00e1n cargar la informaci\u00f3n correspondiente para luego recibir el material de estudio obligatorio antes de rendir el examen de conocimientos para el ingreso efectivo a la Fuerza.<\/p>\n\n\n\n<p>En caso de cumplir con el perfil profesional, se realizar\u00e1n distintas etapas evaluativas: evaluaci\u00f3n psicol\u00f3gica, evaluaci\u00f3n m\u00e9dica y evaluaci\u00f3n f\u00edsica. Bajo el lema \u201csumate&nbsp;a esta responsabilidad de formar parte de nuestra gran familia\u201d, las fuerzas de seguridad bonaerenses buscan ampliar su perfil de cadetes para el 2022.<\/p>\n\n\n\n<p>Asimismo, dispusieron que para mayor informaci\u00f3n, los interesados podr\u00e1n comunicarse al&nbsp;<strong>(0221) 429-3000 internos 73845, 74054 y 73857\/58\/59&nbsp;<\/strong>o enviar un correo a&nbsp;<strong>consultasingreso@mseg.gba.gov.ar<\/strong>.<\/p>\n\n\n\n<p><strong>LOS REQUISITOS&nbsp;<\/strong><\/p>\n\n\n\n<ul class=\"wp-block-list\"><li>Ser argentino nativo, naturalizado o por opci\u00f3n.<\/li><li>Tener entre 18 y 25 a\u00f1os de edad.<\/li><li>Poseer condiciones de moralidad y buenas costumbres.<\/li><li>Haber finalizado el nivel secundario, en los t\u00e9rminos de la Ley&nbsp;N\u00b0&nbsp;13688 o equivalente, conforme lo establezca la reglamentaci\u00f3n.<\/li><li>Responder a las aptitudes psicof\u00edsicas que establezca la presente y su reglamentaci\u00f3n. El l\u00edmite m\u00e1ximo de edad previsto en el inciso b) podr\u00e1 ser aumentado y por tiempo determinado en caso de necesidad en el reclutamiento.<\/li><li>Suscribir, en el caso de los egresados de los Institutos de formaci\u00f3n policial de las Polic\u00edas de la Provincia de Buenos Aires, el compromiso de prestar servicios en la Instituci\u00f3n por un per\u00edodo de tres (3) a\u00f1os.<\/li><\/ul>\n","protected":false},"excerpt":{"rendered":"<p>Los aspirantes a integrar la fuerza provincial de seguridad ya pueden anotarse para el ciclo 2022. C\u00f3mo inscribirse y cu\u00e1les son los requisitos. La Polic\u00eda Bonaerense indic\u00f3 que&nbsp;todav\u00eda abierta la convocatoria para el ingreso a las Escuelas de Formaci\u00f3n Policial de la Provincia de Buenos Aires.&nbsp;As\u00ed lo anunciaron a trav\u00e9s de sus redes sociales, donde [&hellip;]<\/p>\n","protected":false},"author":4,"featured_media":101754,"comment_status":"closed","ping_status":"closed","sticky":false,"template":"","format":"standard","meta":{"om_disable_all_campaigns":false,"_jetpack_memberships_contains_paid_content":false,"footnotes":""},"categories":[50,101,2],"tags":[],"class_list":["post-101753","post","type-post","status-publish","format-standard","has-post-thumbnail","hentry","category-destacadas","category-interes-general-locales","category-locales"],"aioseo_notices":[],"gutentor_comment":0,"jetpack_featured_media_url":"https:\/\/eldiariodesanpedro.com.ar\/sitio\/wp-content\/uploads\/2021\/11\/Policias.jpg","jetpack_shortlink":"https:\/\/wp.me\/p6RhLt-qtb","jetpack_sharing_enabled":true,"_links":{"self":[{"href":"https:\/\/eldiariodesanpedro.com.ar\/sitio\/wp-json\/wp\/v2\/posts\/101753","targetHints":{"allow":["GET"]}}],"collection":[{"href":"https:\/\/eldiariodesanpedro.com.ar\/sitio\/wp-json\/wp\/v2\/posts"}],"about":[{"href":"https:\/\/eldiariodesanpedro.com.ar\/sitio\/wp-json\/wp\/v2\/types\/post"}],"author":[{"embeddable":true,"href":"https:\/\/eldiariodesanpedro.com.ar\/sitio\/wp-json\/wp\/v2\/users\/4"}],"replies":[{"embeddable":true,"href":"https:\/\/eldiariodesanpedro.com.ar\/sitio\/wp-json\/wp\/v2\/comments?post=101753"}],"version-history":[{"count":1,"href":"https:\/\/eldiariodesanpedro.com.ar\/sitio\/wp-json\/wp\/v2\/posts\/101753\/revisions"}],"predecessor-version":[{"id":101755,"href":"https:\/\/eldiariodesanpedro.com.ar\/sitio\/wp-json\/wp\/v2\/posts\/101753\/revisions\/101755"}],"wp:featuredmedia":[{"embeddable":true,"href":"https:\/\/eldiariodesanpedro.com.ar\/sitio\/wp-json\/wp\/v2\/media\/101754"}],"wp:attachment":[{"href":"https:\/\/eldiariodesanpedro.com.ar\/sitio\/wp-json\/wp\/v2\/media?parent=101753"}],"wp:term":[{"taxonomy":"category","embeddable":true,"href":"https:\/\/eldiariodesanpedro.com.ar\/sitio\/wp-json\/wp\/v2\/categories?post=101753"},{"taxonomy":"post_tag","embeddable":true,"href":"https:\/\/eldiariodesanpedro.com.ar\/sitio\/wp-json\/wp\/v2\/tags?post=101753"}],"curies":[{"name":"wp","href":"https:\/\/api.w.org\/{rel}","templated":true}]}}