{"id":10175,"date":"2016-11-14T18:38:20","date_gmt":"2016-11-14T21:38:20","guid":{"rendered":"https:\/\/eldiariodesanpedro.com.ar\/sitio\/?p=10175"},"modified":"2016-11-14T18:38:20","modified_gmt":"2016-11-14T21:38:20","slug":"san-antonio-de-areco-record-absoluto-de-vecinos-y-turistas-en-la-fiesta-nacional-de-la-tradicion","status":"publish","type":"post","link":"https:\/\/eldiariodesanpedro.com.ar\/sitio\/san-antonio-de-areco-record-absoluto-de-vecinos-y-turistas-en-la-fiesta-nacional-de-la-tradicion\/","title":{"rendered":"SAN ANTONIO DE ARECO: R\u00e9cord absoluto de vecinos y turistas en la Fiesta Nacional de la Tradici\u00f3n"},"content":{"rendered":"<p><!-- VideographyWP Plugin Message: Automatic video embedding prevented by plugin options. --><br \/>\nSan Antonio de Areco mostr\u00f3 una vez m\u00e1s por qu\u00e9 es la Capital Nacional de la Tradici\u00f3n. En el fin de semana de los festejos centrales por la 77\u00b0 Fiesta Nacional de la Tradici\u00f3n, la ciudad alberg\u00f3 a miles de turistas argentinos y de diversas partes del mundo que llegaron en busca de conocer las ra\u00edces del gaucho, sus usos y costumbres.<\/p>\n<p>Aun sin el desfile principal por las calles del pueblo, suspendido por las inclemencias del tiempo, cada una de las actividades gratuitas organizadas por la municipalidad se vieron atestadas de p\u00fablico, con el t\u00edpico folclore de fondo, las danzas y las cantinas repletas de comensales.<\/p>\n<p>Los n\u00fameros fueron contundentes: m\u00e1s de 70 tropillas entabladas se dieron cita el s\u00e1bado por la tarde conformando un espectacular entrevero, frente a unas ocho mil personas que colmaron las instalaciones del parque criollo. Por la noche, la tradicional pe\u00f1a bajo los \u00e1rboles del patio de la pulper\u00eda La Blanqueada convoc\u00f3 a m\u00e1s de seis mil personas entre vecinos del pago y turistas, que bailaron folclore hasta entrada la madrugada.<\/p>\n<p>El domingo, unos 80 centros tradicionalistas ya estaban inscriptos bien temprano para participar del desfile a caballo m\u00e1s importante de todas las celebraciones criollas del pa\u00eds. La lluvia acontecida en gran parte de la provincia de Buenos Aires impidi\u00f3 la realizaci\u00f3n del mismo, aunque pasadas las tres de la tarde y con un clima que fue mejorando, m\u00e1s de dos mil personas se volvieron a dar cita en La Blanqueada para cerrar los festejos de La Tradici\u00f3n en San Antonio de Areco.<\/p>\n","protected":false},"excerpt":{"rendered":"<p>San Antonio de Areco mostr\u00f3 una vez m\u00e1s por qu\u00e9 es la Capital Nacional de la Tradici\u00f3n. En el fin de semana de los festejos centrales por la 77\u00b0 Fiesta Nacional de la Tradici\u00f3n, la ciudad alberg\u00f3 a miles de turistas argentinos y de diversas partes del mundo que llegaron en busca de conocer las [&hellip;]<\/p>\n","protected":false},"author":4,"featured_media":10176,"comment_status":"open","ping_status":"closed","sticky":false,"template":"","format":"standard","meta":{"om_disable_all_campaigns":false,"_jetpack_memberships_contains_paid_content":false,"footnotes":""},"categories":[621],"tags":[],"class_list":["post-10175","post","type-post","status-publish","format-standard","has-post-thumbnail","hentry","category-regionales"],"aioseo_notices":[],"gutentor_comment":0,"jetpack_featured_media_url":"https:\/\/eldiariodesanpedro.com.ar\/sitio\/wp-content\/uploads\/2016\/11\/fiesta-Tradici\u00f3n-areco.jpg","jetpack_shortlink":"https:\/\/wp.me\/p6RhLt-2E7","jetpack_sharing_enabled":true,"_links":{"self":[{"href":"https:\/\/eldiariodesanpedro.com.ar\/sitio\/wp-json\/wp\/v2\/posts\/10175","targetHints":{"allow":["GET"]}}],"collection":[{"href":"https:\/\/eldiariodesanpedro.com.ar\/sitio\/wp-json\/wp\/v2\/posts"}],"about":[{"href":"https:\/\/eldiariodesanpedro.com.ar\/sitio\/wp-json\/wp\/v2\/types\/post"}],"author":[{"embeddable":true,"href":"https:\/\/eldiariodesanpedro.com.ar\/sitio\/wp-json\/wp\/v2\/users\/4"}],"replies":[{"embeddable":true,"href":"https:\/\/eldiariodesanpedro.com.ar\/sitio\/wp-json\/wp\/v2\/comments?post=10175"}],"version-history":[{"count":2,"href":"https:\/\/eldiariodesanpedro.com.ar\/sitio\/wp-json\/wp\/v2\/posts\/10175\/revisions"}],"predecessor-version":[{"id":10178,"href":"https:\/\/eldiariodesanpedro.com.ar\/sitio\/wp-json\/wp\/v2\/posts\/10175\/revisions\/10178"}],"wp:featuredmedia":[{"embeddable":true,"href":"https:\/\/eldiariodesanpedro.com.ar\/sitio\/wp-json\/wp\/v2\/media\/10176"}],"wp:attachment":[{"href":"https:\/\/eldiariodesanpedro.com.ar\/sitio\/wp-json\/wp\/v2\/media?parent=10175"}],"wp:term":[{"taxonomy":"category","embeddable":true,"href":"https:\/\/eldiariodesanpedro.com.ar\/sitio\/wp-json\/wp\/v2\/categories?post=10175"},{"taxonomy":"post_tag","embeddable":true,"href":"https:\/\/eldiariodesanpedro.com.ar\/sitio\/wp-json\/wp\/v2\/tags?post=10175"}],"curies":[{"name":"wp","href":"https:\/\/api.w.org\/{rel}","templated":true}]}}