{"id":101747,"date":"2021-11-30T10:08:23","date_gmt":"2021-11-30T13:08:23","guid":{"rendered":"https:\/\/eldiariodesanpedro.com.ar\/sitio\/?p=101747"},"modified":"2021-11-30T10:08:25","modified_gmt":"2021-11-30T13:08:25","slug":"anses-calendario-completo-de-pagos-para-diciembre-2021-2","status":"publish","type":"post","link":"https:\/\/eldiariodesanpedro.com.ar\/sitio\/anses-calendario-completo-de-pagos-para-diciembre-2021-2\/","title":{"rendered":"Anses: calendario completo de pagos para diciembre 2021"},"content":{"rendered":"<!-- VideographyWP Plugin Message: Automatic video embedding prevented by plugin options. -->\n\n<p>La Anses dio a conocer el calendario de pagos para el mes de diciembre.<\/p>\n\n\n\n<p>La&nbsp;<strong>Anses&nbsp;<\/strong>anunci\u00f3 el calendario de pagos previsto para todo el mes de diciembre de 2021 para jubilados y pensionados, Pensiones No Contributivas (PNC), la Asignaci\u00f3n Universal por Hijo (<strong>AUH<\/strong>) y por Embarazo (<strong>AUE<\/strong>), Asignaciones Familiares y de Pago \u00danico (Matrimonio, Nacimiento y Adopci\u00f3n) y Prestaci\u00f3n por Desempleo.<\/p>\n\n\n\n<h2 class=\"wp-block-heading\"><strong>Jubilados y pensionados<\/strong><\/h2>\n\n\n\n<p>Los jubilados y pensionados cobrar\u00e1n en dos tandas. En la primera, los que perciben menos de $32.664 cobrar\u00e1n desde el martes 7 hasta el jueves 16 de diciembre. A partir del viernes 17, cobrar\u00e1 el resto de ellos.<\/p>\n\n\n\n<h3 class=\"wp-block-heading\">Haberes que NO SUPEREN la suma mensual de $32.664<\/h3>\n\n\n\n<figure class=\"wp-block-image size-full\"><img decoding=\"async\" width=\"780\" height=\"134\" data-attachment-id=\"101737\" data-permalink=\"https:\/\/eldiariodesanpedro.com.ar\/sitio\/1-212\/\" data-orig-file=\"https:\/\/eldiariodesanpedro.com.ar\/sitio\/wp-content\/uploads\/2021\/11\/1.webp\" data-orig-size=\"780,134\" data-comments-opened=\"0\" data-image-meta=\"{&quot;aperture&quot;:&quot;0&quot;,&quot;credit&quot;:&quot;&quot;,&quot;camera&quot;:&quot;&quot;,&quot;caption&quot;:&quot;&quot;,&quot;created_timestamp&quot;:&quot;0&quot;,&quot;copyright&quot;:&quot;&quot;,&quot;focal_length&quot;:&quot;0&quot;,&quot;iso&quot;:&quot;0&quot;,&quot;shutter_speed&quot;:&quot;0&quot;,&quot;title&quot;:&quot;&quot;,&quot;orientation&quot;:&quot;0&quot;}\" data-image-title=\"1\" data-image-description=\"\" data-image-caption=\"\" data-large-file=\"https:\/\/eldiariodesanpedro.com.ar\/sitio\/wp-content\/uploads\/2021\/11\/1.webp\" data-src=\"https:\/\/eldiariodesanpedro.com.ar\/sitio\/wp-content\/uploads\/2021\/11\/1.webp\" alt=\"\" class=\"wp-image-101737 lazyload\" src=\"data:image\/svg+xml;base64,PHN2ZyB3aWR0aD0iMSIgaGVpZ2h0PSIxIiB4bWxucz0iaHR0cDovL3d3dy53My5vcmcvMjAwMC9zdmciPjwvc3ZnPg==\" style=\"--smush-placeholder-width: 780px; --smush-placeholder-aspect-ratio: 780\/134;\" \/><\/figure>\n\n\n\n<p>Haberes que SUPEREN la suma mensual de $32.664<\/p>\n\n\n\n<figure class=\"wp-block-image size-full\"><img decoding=\"async\" width=\"780\" height=\"134\" data-attachment-id=\"101738\" data-permalink=\"https:\/\/eldiariodesanpedro.com.ar\/sitio\/2-113\/\" data-orig-file=\"https:\/\/eldiariodesanpedro.com.ar\/sitio\/wp-content\/uploads\/2021\/11\/2.webp\" data-orig-size=\"780,134\" data-comments-opened=\"0\" data-image-meta=\"{&quot;aperture&quot;:&quot;0&quot;,&quot;credit&quot;:&quot;&quot;,&quot;camera&quot;:&quot;&quot;,&quot;caption&quot;:&quot;&quot;,&quot;created_timestamp&quot;:&quot;0&quot;,&quot;copyright&quot;:&quot;&quot;,&quot;focal_length&quot;:&quot;0&quot;,&quot;iso&quot;:&quot;0&quot;,&quot;shutter_speed&quot;:&quot;0&quot;,&quot;title&quot;:&quot;&quot;,&quot;orientation&quot;:&quot;0&quot;}\" data-image-title=\"2\" data-image-description=\"\" data-image-caption=\"\" data-large-file=\"https:\/\/eldiariodesanpedro.com.ar\/sitio\/wp-content\/uploads\/2021\/11\/2.webp\" data-src=\"https:\/\/eldiariodesanpedro.com.ar\/sitio\/wp-content\/uploads\/2021\/11\/2.webp\" alt=\"\" class=\"wp-image-101738 lazyload\" src=\"data:image\/svg+xml;base64,PHN2ZyB3aWR0aD0iMSIgaGVpZ2h0PSIxIiB4bWxucz0iaHR0cDovL3d3dy53My5vcmcvMjAwMC9zdmciPjwvc3ZnPg==\" style=\"--smush-placeholder-width: 780px; --smush-placeholder-aspect-ratio: 780\/134;\" \/><\/figure>\n\n\n\n<h2 class=\"wp-block-heading\"><strong>AUH y AUE<\/strong><\/h2>\n\n\n\n<p>En el caso de la Asignaci\u00f3n Universal por Hijo y Asignaci\u00f3n Familiar por Hijo, los pagos comenzar\u00e1n a partir del martes 7 de diciembre para los beneficiarios con Documento Nacional de Identidad (DNI) finalizado en 0 y culminar\u00e1 el jueves 16 de diciembre.<a href=\"https:\/\/eleconomista.com.ar\/economia\/mi-pieza-realizara-segundo-sorteo-1-diciembre-n48336\"><\/a><\/p>\n\n\n\n<p>Asimismo, la Asignaci\u00f3n por Embarazo se empezar\u00e1 a pagar el viernes 10 de diciembre para los documentos que finalicen en 0 hasta el jueves 23 de noviembre para los que terminen en 9.<\/p>\n\n\n\n<figure class=\"wp-block-image size-full\"><img decoding=\"async\" width=\"890\" height=\"200\" data-attachment-id=\"101739\" data-permalink=\"https:\/\/eldiariodesanpedro.com.ar\/sitio\/3-93\/\" data-orig-file=\"https:\/\/eldiariodesanpedro.com.ar\/sitio\/wp-content\/uploads\/2021\/11\/3.jpg\" data-orig-size=\"890,200\" data-comments-opened=\"0\" data-image-meta=\"{&quot;aperture&quot;:&quot;0&quot;,&quot;credit&quot;:&quot;&quot;,&quot;camera&quot;:&quot;&quot;,&quot;caption&quot;:&quot;&quot;,&quot;created_timestamp&quot;:&quot;0&quot;,&quot;copyright&quot;:&quot;&quot;,&quot;focal_length&quot;:&quot;0&quot;,&quot;iso&quot;:&quot;0&quot;,&quot;shutter_speed&quot;:&quot;0&quot;,&quot;title&quot;:&quot;&quot;,&quot;orientation&quot;:&quot;0&quot;}\" data-image-title=\"3\" data-image-description=\"\" data-image-caption=\"\" data-large-file=\"https:\/\/eldiariodesanpedro.com.ar\/sitio\/wp-content\/uploads\/2021\/11\/3.jpg\" data-src=\"https:\/\/eldiariodesanpedro.com.ar\/sitio\/wp-content\/uploads\/2021\/11\/3.jpg\" alt=\"\" class=\"wp-image-101739 lazyload\" data-srcset=\"https:\/\/eldiariodesanpedro.com.ar\/sitio\/wp-content\/uploads\/2021\/11\/3.jpg 890w, https:\/\/eldiariodesanpedro.com.ar\/sitio\/wp-content\/uploads\/2021\/11\/3-300x67.jpg 300w, https:\/\/eldiariodesanpedro.com.ar\/sitio\/wp-content\/uploads\/2021\/11\/3-768x173.jpg 768w\" data-sizes=\"(max-width: 890px) 100vw, 890px\" src=\"data:image\/svg+xml;base64,PHN2ZyB3aWR0aD0iMSIgaGVpZ2h0PSIxIiB4bWxucz0iaHR0cDovL3d3dy53My5vcmcvMjAwMC9zdmciPjwvc3ZnPg==\" style=\"--smush-placeholder-width: 890px; --smush-placeholder-aspect-ratio: 890\/200;\" \/><\/figure>\n\n\n\n<figure class=\"wp-block-image size-full\"><img decoding=\"async\" width=\"890\" height=\"200\" data-attachment-id=\"101740\" data-permalink=\"https:\/\/eldiariodesanpedro.com.ar\/sitio\/4-70\/\" data-orig-file=\"https:\/\/eldiariodesanpedro.com.ar\/sitio\/wp-content\/uploads\/2021\/11\/4.jpg\" data-orig-size=\"890,200\" data-comments-opened=\"0\" data-image-meta=\"{&quot;aperture&quot;:&quot;0&quot;,&quot;credit&quot;:&quot;&quot;,&quot;camera&quot;:&quot;&quot;,&quot;caption&quot;:&quot;&quot;,&quot;created_timestamp&quot;:&quot;0&quot;,&quot;copyright&quot;:&quot;&quot;,&quot;focal_length&quot;:&quot;0&quot;,&quot;iso&quot;:&quot;0&quot;,&quot;shutter_speed&quot;:&quot;0&quot;,&quot;title&quot;:&quot;&quot;,&quot;orientation&quot;:&quot;0&quot;}\" data-image-title=\"4\" data-image-description=\"\" data-image-caption=\"\" data-large-file=\"https:\/\/eldiariodesanpedro.com.ar\/sitio\/wp-content\/uploads\/2021\/11\/4.jpg\" data-src=\"https:\/\/eldiariodesanpedro.com.ar\/sitio\/wp-content\/uploads\/2021\/11\/4.jpg\" alt=\"\" class=\"wp-image-101740 lazyload\" data-srcset=\"https:\/\/eldiariodesanpedro.com.ar\/sitio\/wp-content\/uploads\/2021\/11\/4.jpg 890w, https:\/\/eldiariodesanpedro.com.ar\/sitio\/wp-content\/uploads\/2021\/11\/4-300x67.jpg 300w, https:\/\/eldiariodesanpedro.com.ar\/sitio\/wp-content\/uploads\/2021\/11\/4-768x173.jpg 768w\" data-sizes=\"(max-width: 890px) 100vw, 890px\" src=\"data:image\/svg+xml;base64,PHN2ZyB3aWR0aD0iMSIgaGVpZ2h0PSIxIiB4bWxucz0iaHR0cDovL3d3dy53My5vcmcvMjAwMC9zdmciPjwvc3ZnPg==\" style=\"--smush-placeholder-width: 890px; --smush-placeholder-aspect-ratio: 890\/200;\" \/><\/figure>\n\n\n\n<h2 class=\"wp-block-heading\"><strong>Asignaci\u00f3n por Prenatal y Maternidad<\/strong><\/h2>\n\n\n\n<p>La Asignaci\u00f3n por Prenatal y Maternidad se pagar\u00e1 desde el mi\u00e9rcoles 10 de noviembre para los DNI finalizados en 0 y 1, hasta el lunes 13 de noviembre para los documentos que terminen en 8 y 9.<\/p>\n\n\n\n<figure class=\"wp-block-image size-full\"><img decoding=\"async\" width=\"890\" height=\"200\" data-attachment-id=\"101741\" data-permalink=\"https:\/\/eldiariodesanpedro.com.ar\/sitio\/5-48\/\" data-orig-file=\"https:\/\/eldiariodesanpedro.com.ar\/sitio\/wp-content\/uploads\/2021\/11\/5.jpg\" data-orig-size=\"890,200\" data-comments-opened=\"0\" data-image-meta=\"{&quot;aperture&quot;:&quot;0&quot;,&quot;credit&quot;:&quot;&quot;,&quot;camera&quot;:&quot;&quot;,&quot;caption&quot;:&quot;&quot;,&quot;created_timestamp&quot;:&quot;0&quot;,&quot;copyright&quot;:&quot;&quot;,&quot;focal_length&quot;:&quot;0&quot;,&quot;iso&quot;:&quot;0&quot;,&quot;shutter_speed&quot;:&quot;0&quot;,&quot;title&quot;:&quot;&quot;,&quot;orientation&quot;:&quot;0&quot;}\" data-image-title=\"5\" data-image-description=\"\" data-image-caption=\"\" data-large-file=\"https:\/\/eldiariodesanpedro.com.ar\/sitio\/wp-content\/uploads\/2021\/11\/5.jpg\" data-src=\"https:\/\/eldiariodesanpedro.com.ar\/sitio\/wp-content\/uploads\/2021\/11\/5.jpg\" alt=\"\" class=\"wp-image-101741 lazyload\" data-srcset=\"https:\/\/eldiariodesanpedro.com.ar\/sitio\/wp-content\/uploads\/2021\/11\/5.jpg 890w, https:\/\/eldiariodesanpedro.com.ar\/sitio\/wp-content\/uploads\/2021\/11\/5-300x67.jpg 300w, https:\/\/eldiariodesanpedro.com.ar\/sitio\/wp-content\/uploads\/2021\/11\/5-768x173.jpg 768w\" data-sizes=\"(max-width: 890px) 100vw, 890px\" src=\"data:image\/svg+xml;base64,PHN2ZyB3aWR0aD0iMSIgaGVpZ2h0PSIxIiB4bWxucz0iaHR0cDovL3d3dy53My5vcmcvMjAwMC9zdmciPjwvc3ZnPg==\" style=\"--smush-placeholder-width: 890px; --smush-placeholder-aspect-ratio: 890\/200;\" \/><\/figure>\n\n\n\n<h2 class=\"wp-block-heading\"><strong>Asignaciones de Pago \u00danico<\/strong><\/h2>\n\n\n\n<p>En tanto, las Asignaciones de Pago \u00danico podr\u00e1n cobrarse para todos los DNI desde el 7 de diciembre al 10 de enero (primera quincena) y desde el 22 de diciembre hasta el 10 de enero para la segunda quincena.<\/p>\n\n\n\n<figure class=\"wp-block-image size-full\"><img decoding=\"async\" width=\"890\" height=\"200\" data-attachment-id=\"101742\" data-permalink=\"https:\/\/eldiariodesanpedro.com.ar\/sitio\/6-36\/\" data-orig-file=\"https:\/\/eldiariodesanpedro.com.ar\/sitio\/wp-content\/uploads\/2021\/11\/6.jpg\" data-orig-size=\"890,200\" data-comments-opened=\"0\" data-image-meta=\"{&quot;aperture&quot;:&quot;0&quot;,&quot;credit&quot;:&quot;&quot;,&quot;camera&quot;:&quot;&quot;,&quot;caption&quot;:&quot;&quot;,&quot;created_timestamp&quot;:&quot;0&quot;,&quot;copyright&quot;:&quot;&quot;,&quot;focal_length&quot;:&quot;0&quot;,&quot;iso&quot;:&quot;0&quot;,&quot;shutter_speed&quot;:&quot;0&quot;,&quot;title&quot;:&quot;&quot;,&quot;orientation&quot;:&quot;0&quot;}\" data-image-title=\"6\" data-image-description=\"\" data-image-caption=\"\" data-large-file=\"https:\/\/eldiariodesanpedro.com.ar\/sitio\/wp-content\/uploads\/2021\/11\/6.jpg\" data-src=\"https:\/\/eldiariodesanpedro.com.ar\/sitio\/wp-content\/uploads\/2021\/11\/6.jpg\" alt=\"\" class=\"wp-image-101742 lazyload\" data-srcset=\"https:\/\/eldiariodesanpedro.com.ar\/sitio\/wp-content\/uploads\/2021\/11\/6.jpg 890w, https:\/\/eldiariodesanpedro.com.ar\/sitio\/wp-content\/uploads\/2021\/11\/6-300x67.jpg 300w, https:\/\/eldiariodesanpedro.com.ar\/sitio\/wp-content\/uploads\/2021\/11\/6-768x173.jpg 768w\" data-sizes=\"(max-width: 890px) 100vw, 890px\" src=\"data:image\/svg+xml;base64,PHN2ZyB3aWR0aD0iMSIgaGVpZ2h0PSIxIiB4bWxucz0iaHR0cDovL3d3dy53My5vcmcvMjAwMC9zdmciPjwvc3ZnPg==\" style=\"--smush-placeholder-width: 890px; --smush-placeholder-aspect-ratio: 890\/200;\" \/><\/figure>\n\n\n\n<h2 class=\"wp-block-heading\"><strong>Pensiones No Contributivas (PNC)<\/strong><\/h2>\n\n\n\n<p>Mientras que las Pensiones No Contributivas (PNC) se abonar\u00e1n desde el primer d\u00eda del mes para los DNI finalizados en 0 y 1 hasta el 5 de noviembre cuando se les pague a los que tienen documento finalizado en 8 y 9.<\/p>\n\n\n\n<figure class=\"wp-block-image size-full\"><img decoding=\"async\" width=\"890\" height=\"200\" data-attachment-id=\"101743\" data-permalink=\"https:\/\/eldiariodesanpedro.com.ar\/sitio\/7-22\/\" data-orig-file=\"https:\/\/eldiariodesanpedro.com.ar\/sitio\/wp-content\/uploads\/2021\/11\/7.jpg\" data-orig-size=\"890,200\" data-comments-opened=\"0\" data-image-meta=\"{&quot;aperture&quot;:&quot;0&quot;,&quot;credit&quot;:&quot;&quot;,&quot;camera&quot;:&quot;&quot;,&quot;caption&quot;:&quot;&quot;,&quot;created_timestamp&quot;:&quot;0&quot;,&quot;copyright&quot;:&quot;&quot;,&quot;focal_length&quot;:&quot;0&quot;,&quot;iso&quot;:&quot;0&quot;,&quot;shutter_speed&quot;:&quot;0&quot;,&quot;title&quot;:&quot;&quot;,&quot;orientation&quot;:&quot;0&quot;}\" data-image-title=\"7\" data-image-description=\"\" data-image-caption=\"\" data-large-file=\"https:\/\/eldiariodesanpedro.com.ar\/sitio\/wp-content\/uploads\/2021\/11\/7.jpg\" data-src=\"https:\/\/eldiariodesanpedro.com.ar\/sitio\/wp-content\/uploads\/2021\/11\/7.jpg\" alt=\"\" class=\"wp-image-101743 lazyload\" data-srcset=\"https:\/\/eldiariodesanpedro.com.ar\/sitio\/wp-content\/uploads\/2021\/11\/7.jpg 890w, https:\/\/eldiariodesanpedro.com.ar\/sitio\/wp-content\/uploads\/2021\/11\/7-300x67.jpg 300w, https:\/\/eldiariodesanpedro.com.ar\/sitio\/wp-content\/uploads\/2021\/11\/7-768x173.jpg 768w\" data-sizes=\"(max-width: 890px) 100vw, 890px\" src=\"data:image\/svg+xml;base64,PHN2ZyB3aWR0aD0iMSIgaGVpZ2h0PSIxIiB4bWxucz0iaHR0cDovL3d3dy53My5vcmcvMjAwMC9zdmciPjwvc3ZnPg==\" style=\"--smush-placeholder-width: 890px; --smush-placeholder-aspect-ratio: 890\/200;\" \/><\/figure>\n\n\n\n<h2 class=\"wp-block-heading\"><strong>Asignaciones Familiares de PNC<\/strong><\/h2>\n\n\n\n<p>En ese marco, las Asignaciones Familiares de PNC se abonar\u00e1n desde el 7 de diciembre hasta el 10 de enero para todos los documentos.<\/p>\n\n\n\n<figure class=\"wp-block-image size-full\"><img decoding=\"async\" width=\"890\" height=\"200\" data-attachment-id=\"101744\" data-permalink=\"https:\/\/eldiariodesanpedro.com.ar\/sitio\/8-31\/\" data-orig-file=\"https:\/\/eldiariodesanpedro.com.ar\/sitio\/wp-content\/uploads\/2021\/11\/8.jpg\" data-orig-size=\"890,200\" data-comments-opened=\"0\" data-image-meta=\"{&quot;aperture&quot;:&quot;0&quot;,&quot;credit&quot;:&quot;&quot;,&quot;camera&quot;:&quot;&quot;,&quot;caption&quot;:&quot;&quot;,&quot;created_timestamp&quot;:&quot;0&quot;,&quot;copyright&quot;:&quot;&quot;,&quot;focal_length&quot;:&quot;0&quot;,&quot;iso&quot;:&quot;0&quot;,&quot;shutter_speed&quot;:&quot;0&quot;,&quot;title&quot;:&quot;&quot;,&quot;orientation&quot;:&quot;0&quot;}\" data-image-title=\"8\" data-image-description=\"\" data-image-caption=\"\" data-large-file=\"https:\/\/eldiariodesanpedro.com.ar\/sitio\/wp-content\/uploads\/2021\/11\/8.jpg\" data-src=\"https:\/\/eldiariodesanpedro.com.ar\/sitio\/wp-content\/uploads\/2021\/11\/8.jpg\" alt=\"\" class=\"wp-image-101744 lazyload\" data-srcset=\"https:\/\/eldiariodesanpedro.com.ar\/sitio\/wp-content\/uploads\/2021\/11\/8.jpg 890w, https:\/\/eldiariodesanpedro.com.ar\/sitio\/wp-content\/uploads\/2021\/11\/8-300x67.jpg 300w, https:\/\/eldiariodesanpedro.com.ar\/sitio\/wp-content\/uploads\/2021\/11\/8-768x173.jpg 768w\" data-sizes=\"(max-width: 890px) 100vw, 890px\" src=\"data:image\/svg+xml;base64,PHN2ZyB3aWR0aD0iMSIgaGVpZ2h0PSIxIiB4bWxucz0iaHR0cDovL3d3dy53My5vcmcvMjAwMC9zdmciPjwvc3ZnPg==\" style=\"--smush-placeholder-width: 890px; --smush-placeholder-aspect-ratio: 890\/200;\" \/><\/figure>\n\n\n\n<h2 class=\"wp-block-heading\"><strong>Prestaci\u00f3n por Desempleo<\/strong><\/h2>\n\n\n\n<p>Por \u00faltimo, la Prestaci\u00f3n por Desempleo se acreditar\u00e1 desde el 22 de diciembre para documentos finalizados en 0 y 1 hasta el 29 del mismo mes (documentos 8 y 9).<\/p>\n\n\n\n<figure class=\"wp-block-image size-full\"><img decoding=\"async\" width=\"890\" height=\"200\" data-attachment-id=\"101745\" data-permalink=\"https:\/\/eldiariodesanpedro.com.ar\/sitio\/9-19\/\" data-orig-file=\"https:\/\/eldiariodesanpedro.com.ar\/sitio\/wp-content\/uploads\/2021\/11\/9.jpg\" data-orig-size=\"890,200\" data-comments-opened=\"0\" data-image-meta=\"{&quot;aperture&quot;:&quot;0&quot;,&quot;credit&quot;:&quot;&quot;,&quot;camera&quot;:&quot;&quot;,&quot;caption&quot;:&quot;&quot;,&quot;created_timestamp&quot;:&quot;0&quot;,&quot;copyright&quot;:&quot;&quot;,&quot;focal_length&quot;:&quot;0&quot;,&quot;iso&quot;:&quot;0&quot;,&quot;shutter_speed&quot;:&quot;0&quot;,&quot;title&quot;:&quot;&quot;,&quot;orientation&quot;:&quot;0&quot;}\" data-image-title=\"9\" data-image-description=\"\" data-image-caption=\"\" data-large-file=\"https:\/\/eldiariodesanpedro.com.ar\/sitio\/wp-content\/uploads\/2021\/11\/9.jpg\" data-src=\"https:\/\/eldiariodesanpedro.com.ar\/sitio\/wp-content\/uploads\/2021\/11\/9.jpg\" alt=\"\" class=\"wp-image-101745 lazyload\" data-srcset=\"https:\/\/eldiariodesanpedro.com.ar\/sitio\/wp-content\/uploads\/2021\/11\/9.jpg 890w, https:\/\/eldiariodesanpedro.com.ar\/sitio\/wp-content\/uploads\/2021\/11\/9-300x67.jpg 300w, https:\/\/eldiariodesanpedro.com.ar\/sitio\/wp-content\/uploads\/2021\/11\/9-768x173.jpg 768w\" data-sizes=\"(max-width: 890px) 100vw, 890px\" src=\"data:image\/svg+xml;base64,PHN2ZyB3aWR0aD0iMSIgaGVpZ2h0PSIxIiB4bWxucz0iaHR0cDovL3d3dy53My5vcmcvMjAwMC9zdmciPjwvc3ZnPg==\" style=\"--smush-placeholder-width: 890px; --smush-placeholder-aspect-ratio: 890\/200;\" \/><\/figure>\n\n\n\n<h2 class=\"wp-block-heading\"><strong>Turnos<\/strong><\/h2>\n\n\n\n<p>La Anses cuenta con 357 sedes abiertas en todo el pa\u00eds que atienden con un sistema de turnos programados. En el caso de que una persona necesite un turno para tramitar su jubilaci\u00f3n en una oficina, deber\u00e1 solicitarlo tambi\u00e9n en la p\u00e1gina web, secci\u00f3n Accesos R\u00e1pidos, opci\u00f3n Turnos, o comunic\u00e1ndose al 130 (gratuito desde l\u00edneas fijas).<\/p>\n\n\n\n<p>Por otro lado, la Anses inform\u00f3 que desde hoy se pueden solicitar turnos a trav\u00e9s de la web del organismo para el reconocimiento de aportes por tareas de cuidado. Los mismos ser\u00e1n otorgados a partir de este lunes 2 de agosto. Ya se pueden solicitar ingresando a https:\/\/www.anses.gob.ar\/reconocimiento-de-aportes-por-tareas-de-cuidado.<\/p>\n\n\n\n<h2 class=\"wp-block-heading\"><strong>C\u00f3mo y d\u00f3nde consultar las fechas de cobro de Anses<\/strong><\/h2>\n\n\n\n<p>A trav\u00e9s de&nbsp;<a href=\"https:\/\/www.anses.gob.ar\/informacion\/ingreso-familiar-de-emergencia\" target=\"_blank\" rel=\"noreferrer noopener\"><strong>https:\/\/www.Anses.gob.ar\/informacion\/ingreso-familiar-de-emergencia<\/strong><\/a><\/p>\n\n\n\n<p>En el calendario de pagos de Anses:&nbsp;<a href=\"https:\/\/www.anses.gob.ar\/consulta\/calendario-de-pagos\" target=\"_blank\" rel=\"noreferrer noopener\"><strong>https:\/\/www.Anses.gob.ar\/consulta\/calendario-de-pagos<\/strong><\/a><\/p>\n\n\n\n<p>En Mi Anses, con n\u00famero de CUIL, y Clave de Seguridad Social:&nbsp;<a href=\"https:\/\/www.anses.gob.ar\/informacion\/mi-Anses\" target=\"_blank\" rel=\"noreferrer noopener\"><strong>https:\/\/www.Anses.gob.ar\/informacion\/mi-Anses<\/strong><\/a>.&nbsp;<\/p>\n\n\n\n<p>La aplicaci\u00f3n se puede descargar en el siguiente enlace:&nbsp;<a href=\"https:\/\/play.google.com\/store\/apps\/details?id=com.MiANSES&amp;hl=es_AR\" target=\"_blank\" rel=\"noreferrer noopener\"><strong>https:\/\/play.google.com\/store\/apps\/details?id=com.MiANSES&amp;hl=es_AR<\/strong><\/a><strong>&nbsp;<\/strong><\/p>\n","protected":false},"excerpt":{"rendered":"<p>La Anses dio a conocer el calendario de pagos para el mes de diciembre. La&nbsp;Anses&nbsp;anunci\u00f3 el calendario de pagos previsto para todo el mes de diciembre de 2021 para jubilados y pensionados, Pensiones No Contributivas (PNC), la Asignaci\u00f3n Universal por Hijo (AUH) y por Embarazo (AUE), Asignaciones Familiares y de Pago \u00danico (Matrimonio, Nacimiento y [&hellip;]<\/p>\n","protected":false},"author":4,"featured_media":74790,"comment_status":"closed","ping_status":"closed","sticky":false,"template":"","format":"standard","meta":{"om_disable_all_campaigns":false,"_jetpack_memberships_contains_paid_content":false,"footnotes":""},"categories":[101,2],"tags":[],"class_list":["post-101747","post","type-post","status-publish","format-standard","has-post-thumbnail","hentry","category-interes-general-locales","category-locales"],"aioseo_notices":[],"gutentor_comment":0,"jetpack_featured_media_url":"https:\/\/eldiariodesanpedro.com.ar\/sitio\/wp-content\/uploads\/2020\/06\/anses-4.jpg","jetpack_shortlink":"https:\/\/wp.me\/p6RhLt-qt5","jetpack_sharing_enabled":true,"_links":{"self":[{"href":"https:\/\/eldiariodesanpedro.com.ar\/sitio\/wp-json\/wp\/v2\/posts\/101747","targetHints":{"allow":["GET"]}}],"collection":[{"href":"https:\/\/eldiariodesanpedro.com.ar\/sitio\/wp-json\/wp\/v2\/posts"}],"about":[{"href":"https:\/\/eldiariodesanpedro.com.ar\/sitio\/wp-json\/wp\/v2\/types\/post"}],"author":[{"embeddable":true,"href":"https:\/\/eldiariodesanpedro.com.ar\/sitio\/wp-json\/wp\/v2\/users\/4"}],"replies":[{"embeddable":true,"href":"https:\/\/eldiariodesanpedro.com.ar\/sitio\/wp-json\/wp\/v2\/comments?post=101747"}],"version-history":[{"count":1,"href":"https:\/\/eldiariodesanpedro.com.ar\/sitio\/wp-json\/wp\/v2\/posts\/101747\/revisions"}],"predecessor-version":[{"id":101749,"href":"https:\/\/eldiariodesanpedro.com.ar\/sitio\/wp-json\/wp\/v2\/posts\/101747\/revisions\/101749"}],"wp:featuredmedia":[{"embeddable":true,"href":"https:\/\/eldiariodesanpedro.com.ar\/sitio\/wp-json\/wp\/v2\/media\/74790"}],"wp:attachment":[{"href":"https:\/\/eldiariodesanpedro.com.ar\/sitio\/wp-json\/wp\/v2\/media?parent=101747"}],"wp:term":[{"taxonomy":"category","embeddable":true,"href":"https:\/\/eldiariodesanpedro.com.ar\/sitio\/wp-json\/wp\/v2\/categories?post=101747"},{"taxonomy":"post_tag","embeddable":true,"href":"https:\/\/eldiariodesanpedro.com.ar\/sitio\/wp-json\/wp\/v2\/tags?post=101747"}],"curies":[{"name":"wp","href":"https:\/\/api.w.org\/{rel}","templated":true}]}}