{"id":101732,"date":"2021-11-29T20:21:09","date_gmt":"2021-11-29T23:21:09","guid":{"rendered":"https:\/\/eldiariodesanpedro.com.ar\/sitio\/?p=101732"},"modified":"2021-11-29T20:23:54","modified_gmt":"2021-11-29T23:23:54","slug":"jorge-koki-lopez-en-la-tierra-de-fiorito-convive-la-lagrima-el-sudor-y-la-huella-de-diego","status":"publish","type":"post","link":"https:\/\/eldiariodesanpedro.com.ar\/sitio\/jorge-koki-lopez-en-la-tierra-de-fiorito-convive-la-lagrima-el-sudor-y-la-huella-de-diego\/","title":{"rendered":"Jorge \u00abKoki\u00bb L\u00f3pez: \u00abEn la tierra de Fiorito convive la l\u00e1grima, el sudor y la huella de Diego\u00bb"},"content":{"rendered":"<!-- VideographyWP Plugin Message: Automatic video embedding prevented by plugin options. -->\n\n<p>El artista sampedrino present\u00f3 un retrato de Diego Armando Maradona hecho con la propia tierra del barrio en el que naci\u00f3 el astro del f\u00fatbol mundial y dialog\u00f3 con\u00a0<strong>AGENCIA PACO URONDO\u00a0<\/strong>en el primer aniversario de su partida.<\/p>\n\n\n\n<p>Jorge L\u00f3pez es un gran artista sampedrino que desarroll\u00f3 a lo largo de los a\u00f1os una t\u00e9cnica muy particular: pintar con el barro. En su caso, la inquietud surgi\u00f3 de fundir su arte con la geograf\u00eda que m\u00e1s lo representa, el r\u00edo y su ribera. Bajo esta t\u00e9cnica, logr\u00f3 cuadros impactantes como un retrato de Estela de Carlotto, realizado con tierra de la Escuela Mec\u00e1nica de la Armada.<\/p>\n\n\n\n<p>En este caso, L\u00f3pez se propuso un trabajo cargado de emoci\u00f3n: recolectar tierra de la casa de Diego Armando Maradona en Fiorito y de un potrero en el barrio para pintar un retrato de astro del f\u00fatbol.<\/p>\n\n\n\n<p>Con motivo de su presentaci\u00f3n, y en un espacio antes de una entrevista televisiva en el principal canal deportivo de Argentina,\u00a0<strong>AGENCIA PACO URONDO<\/strong>\u00a0dialog\u00f3 con \u00e9l en el coraz\u00f3n de Constituci\u00f3n, en un bodeg\u00f3n maradoneano.<\/p>\n\n\n\n<p><strong>Agencia Paco Urondo: Ven\u00edas trabajando en este proyecto hace rato. \u00bfQu\u00e9 sensaciones tenes luego de haberlo lanzado y compartido al p\u00fablico en general?<\/strong><\/p>\n\n\n\n<p>Jorge L\u00f3pez: La verdad es que es un tsunami que pasa por arriba porque uno no est\u00e1 acostumbrado a esto. He pintado muchos cuadros, pero nadie te invita a un canal de televisi\u00f3n porque hayas pintado un cuadro. Esta es la magia. La magia del Diego que te abre estas puertas. Te hace encontrar con otra gente. Realmente s\u00faper contento.<\/p>\n\n\n\n<p><strong>APU: Si uno lo tiene que resumir en una entrevista, en palabras, es muy d\u00edficil. Pero, \u00bfqu\u00e9 sentiste&nbsp;estando ah\u00ed, en Fiorito? Y, principalmente, cuando pintabas, cuando trabajabas esa tierra&#8230;<\/strong><\/p>\n\n\n\n<p>JL: La sensaci\u00f3n es la de tocar algo, una peque\u00f1a parte de lo que fue esta figura. Este Dios imperfecto, humano y argentino que fue Diego Armando Maradona. Yo creo que, al trabajar esa materia, uno piensa que puede encontrar realmente la huella del esp\u00edritu de Diego Armando. Yo creo realmente en eso.&nbsp; Hay cient\u00edficos que cavan la tierra y encuentran el hueso de hace millones de a\u00f1os de dinosaurios. Entonces, \u00bfpor qu\u00e9 no esto otro? Nosotros creemos realmente que en esa tierra conviven la l\u00e1grima, el sudor, el retumbar de una pelota, la huella misma de Diego.<\/p>\n\n\n\n<p><strong>APU: Tu t\u00e9cnica es, luego de recolectar la tierra, mojarla para poder trabajarla. Es decir, b\u00e1sicamente barro. Diego muchas veces hizo referencia al barro e incluso se burl\u00f3, en una de sus famosas frases, de que Mauricio Macri llamar\u00e1 al barro \u00abfango\u00bb. Hay una relaci\u00f3n especial entre tu t\u00e9cnica y este cuadro&#8230;<\/strong><\/p>\n\n\n\n<p>JL: Claro, es que Diego es barro. Es nuestra tierra. Es esa tierrita que fue dejando en los grandes palacios, en los grandes m\u00e1rmoles del mundo. \u00c9l dej\u00f3 esa tierrita de Fiorito ah\u00ed, porque eso fue \u00e9l. Es un hombre que va a vivir en los corazones de los pueblos del mundo, porque \u00e9l era eso: barro.<\/p>\n\n\n\n<figure class=\"wp-block-image size-full is-resized\"><img decoding=\"async\" data-attachment-id=\"101734\" data-permalink=\"https:\/\/eldiariodesanpedro.com.ar\/sitio\/jorge-koki-lopez-en-la-tierra-de-fiorito-convive-la-lagrima-el-sudor-y-la-huella-de-diego\/img_1899-1\/\" data-orig-file=\"https:\/\/eldiariodesanpedro.com.ar\/sitio\/wp-content\/uploads\/2021\/11\/IMG_1899-1.jpg\" data-orig-size=\"640,426\" data-comments-opened=\"0\" data-image-meta=\"{&quot;aperture&quot;:&quot;0&quot;,&quot;credit&quot;:&quot;&quot;,&quot;camera&quot;:&quot;&quot;,&quot;caption&quot;:&quot;&quot;,&quot;created_timestamp&quot;:&quot;0&quot;,&quot;copyright&quot;:&quot;&quot;,&quot;focal_length&quot;:&quot;0&quot;,&quot;iso&quot;:&quot;0&quot;,&quot;shutter_speed&quot;:&quot;0&quot;,&quot;title&quot;:&quot;&quot;,&quot;orientation&quot;:&quot;0&quot;}\" data-image-title=\"IMG_1899 1\" data-image-description=\"\" data-image-caption=\"\" data-large-file=\"https:\/\/eldiariodesanpedro.com.ar\/sitio\/wp-content\/uploads\/2021\/11\/IMG_1899-1.jpg\" data-src=\"https:\/\/eldiariodesanpedro.com.ar\/sitio\/wp-content\/uploads\/2021\/11\/IMG_1899-1.jpg\" alt=\"\" class=\"wp-image-101734 lazyload\" width=\"819\" height=\"545\" data-srcset=\"https:\/\/eldiariodesanpedro.com.ar\/sitio\/wp-content\/uploads\/2021\/11\/IMG_1899-1.jpg 640w, https:\/\/eldiariodesanpedro.com.ar\/sitio\/wp-content\/uploads\/2021\/11\/IMG_1899-1-300x200.jpg 300w\" data-sizes=\"(max-width: 819px) 100vw, 819px\" src=\"data:image\/svg+xml;base64,PHN2ZyB3aWR0aD0iMSIgaGVpZ2h0PSIxIiB4bWxucz0iaHR0cDovL3d3dy53My5vcmcvMjAwMC9zdmciPjwvc3ZnPg==\" style=\"--smush-placeholder-width: 819px; --smush-placeholder-aspect-ratio: 819\/545;\" \/><\/figure>\n\n\n\n<p>Fuete: Agencia Paco Orundo<a rel=\"noreferrer noopener\" target=\"_blank\" href=\"https:\/\/www.agenciapacourondo.com.ar\/#facebook\"><\/a><\/p>\n","protected":false},"excerpt":{"rendered":"<p>El artista sampedrino present\u00f3 un retrato de Diego Armando Maradona hecho con la propia tierra del barrio en el que naci\u00f3 el astro del f\u00fatbol mundial y dialog\u00f3 con\u00a0AGENCIA PACO URONDO\u00a0en el primer aniversario de su partida. Jorge L\u00f3pez es un gran artista sampedrino que desarroll\u00f3 a lo largo de los a\u00f1os una t\u00e9cnica muy [&hellip;]<\/p>\n","protected":false},"author":4,"featured_media":101733,"comment_status":"closed","ping_status":"closed","sticky":false,"template":"","format":"standard","meta":{"om_disable_all_campaigns":false,"_jetpack_memberships_contains_paid_content":false,"footnotes":""},"categories":[50,101,2],"tags":[197,2520,696,2519,33,19],"class_list":["post-101732","post","type-post","status-publish","format-standard","has-post-thumbnail","hentry","category-destacadas","category-interes-general-locales","category-locales","tag-buenos-aires","tag-el-sudor-y-la-huella-de-diego","tag-interes-general","tag-jorge-lopez-en-la-tierra-de-fiorito-convive-la-lagrima","tag-locales","tag-san-pedro"],"aioseo_notices":[],"gutentor_comment":0,"jetpack_featured_media_url":"https:\/\/eldiariodesanpedro.com.ar\/sitio\/wp-content\/uploads\/2021\/11\/img_1879_1.jpg","jetpack_shortlink":"https:\/\/wp.me\/p6RhLt-qsQ","jetpack_sharing_enabled":true,"_links":{"self":[{"href":"https:\/\/eldiariodesanpedro.com.ar\/sitio\/wp-json\/wp\/v2\/posts\/101732","targetHints":{"allow":["GET"]}}],"collection":[{"href":"https:\/\/eldiariodesanpedro.com.ar\/sitio\/wp-json\/wp\/v2\/posts"}],"about":[{"href":"https:\/\/eldiariodesanpedro.com.ar\/sitio\/wp-json\/wp\/v2\/types\/post"}],"author":[{"embeddable":true,"href":"https:\/\/eldiariodesanpedro.com.ar\/sitio\/wp-json\/wp\/v2\/users\/4"}],"replies":[{"embeddable":true,"href":"https:\/\/eldiariodesanpedro.com.ar\/sitio\/wp-json\/wp\/v2\/comments?post=101732"}],"version-history":[{"count":2,"href":"https:\/\/eldiariodesanpedro.com.ar\/sitio\/wp-json\/wp\/v2\/posts\/101732\/revisions"}],"predecessor-version":[{"id":101736,"href":"https:\/\/eldiariodesanpedro.com.ar\/sitio\/wp-json\/wp\/v2\/posts\/101732\/revisions\/101736"}],"wp:featuredmedia":[{"embeddable":true,"href":"https:\/\/eldiariodesanpedro.com.ar\/sitio\/wp-json\/wp\/v2\/media\/101733"}],"wp:attachment":[{"href":"https:\/\/eldiariodesanpedro.com.ar\/sitio\/wp-json\/wp\/v2\/media?parent=101732"}],"wp:term":[{"taxonomy":"category","embeddable":true,"href":"https:\/\/eldiariodesanpedro.com.ar\/sitio\/wp-json\/wp\/v2\/categories?post=101732"},{"taxonomy":"post_tag","embeddable":true,"href":"https:\/\/eldiariodesanpedro.com.ar\/sitio\/wp-json\/wp\/v2\/tags?post=101732"}],"curies":[{"name":"wp","href":"https:\/\/api.w.org\/{rel}","templated":true}]}}