{"id":101727,"date":"2021-11-29T20:16:09","date_gmt":"2021-11-29T23:16:09","guid":{"rendered":"https:\/\/eldiariodesanpedro.com.ar\/sitio\/?p=101727"},"modified":"2021-11-29T20:16:11","modified_gmt":"2021-11-29T23:16:11","slug":"promocion-de-la-temporada-turistica-sampedrina-en-cronica-tv","status":"publish","type":"post","link":"https:\/\/eldiariodesanpedro.com.ar\/sitio\/promocion-de-la-temporada-turistica-sampedrina-en-cronica-tv\/","title":{"rendered":"Promoci\u00f3n de la temporada tur\u00edstica sampedrina en CRONICA TV"},"content":{"rendered":"<!-- VideographyWP Plugin Message: Automatic video embedding prevented by plugin options. -->\n\n<p>El domingo por la tarde en uno de los segmentos de informaci\u00f3n de la se\u00f1al Cr\u00f3nica TV, se presentaron las novedades de la temporada 2021 \/ 2022 en San Pedro.<\/p>\n\n\n\n<p>La Secretaria de Turismo y Cultura Marcela Cu\u00f1er repas\u00f3 la agenda ya confirmada para el verano con espect\u00e1culos de nivel nacional y las tradicionales fiestas tem\u00e1ticas que caracterizan a San Pedro.<\/p>\n\n\n\n<p>El posicionamiento de la regi\u00f3n es cada vez m\u00e1s importante y este tipo de espacios de gran repercusi\u00f3n permiten que se siga replicando el nombre de la ciudad como uno de los destinos para los meses que se vienen.<\/p>\n\n\n\n<p>Cu\u00f1er, en di\u00e1logo con el conducor Diego Moranzoni, destac\u00f3 la articulaci\u00f3n entre los eventos organizados por el gobierno del Intendente Salazar y las iniciativas privadas, en este caso Producciones CV, que van conformando una agenda muy atractiva que posiciona a la ciudad como una plaza teatral de renombre que convoca a figuras del ambiente como Marcelo Polino y Graciela Alfano.<\/p>\n\n\n\n<figure class=\"wp-block-image size-large\"><img decoding=\"async\" width=\"1024\" height=\"571\" data-attachment-id=\"101729\" data-permalink=\"https:\/\/eldiariodesanpedro.com.ar\/sitio\/promocion-de-la-temporada-turistica-sampedrina-en-cronica-tv\/whatsapp-image-2021-11-29-at-19-52-23\/\" data-orig-file=\"https:\/\/eldiariodesanpedro.com.ar\/sitio\/wp-content\/uploads\/2021\/11\/WhatsApp-Image-2021-11-29-at-19.52.23.jpeg\" data-orig-size=\"1129,630\" data-comments-opened=\"0\" data-image-meta=\"{&quot;aperture&quot;:&quot;0&quot;,&quot;credit&quot;:&quot;&quot;,&quot;camera&quot;:&quot;&quot;,&quot;caption&quot;:&quot;&quot;,&quot;created_timestamp&quot;:&quot;0&quot;,&quot;copyright&quot;:&quot;&quot;,&quot;focal_length&quot;:&quot;0&quot;,&quot;iso&quot;:&quot;0&quot;,&quot;shutter_speed&quot;:&quot;0&quot;,&quot;title&quot;:&quot;&quot;,&quot;orientation&quot;:&quot;0&quot;}\" data-image-title=\"WhatsApp Image 2021-11-29 at 19.52.23\" data-image-description=\"\" data-image-caption=\"\" data-large-file=\"https:\/\/eldiariodesanpedro.com.ar\/sitio\/wp-content\/uploads\/2021\/11\/WhatsApp-Image-2021-11-29-at-19.52.23-1024x571.jpeg\" data-src=\"https:\/\/eldiariodesanpedro.com.ar\/sitio\/wp-content\/uploads\/2021\/11\/WhatsApp-Image-2021-11-29-at-19.52.23-1024x571.jpeg\" alt=\"\" class=\"wp-image-101729 lazyload\" data-srcset=\"https:\/\/eldiariodesanpedro.com.ar\/sitio\/wp-content\/uploads\/2021\/11\/WhatsApp-Image-2021-11-29-at-19.52.23-1024x571.jpeg 1024w, https:\/\/eldiariodesanpedro.com.ar\/sitio\/wp-content\/uploads\/2021\/11\/WhatsApp-Image-2021-11-29-at-19.52.23-300x167.jpeg 300w, https:\/\/eldiariodesanpedro.com.ar\/sitio\/wp-content\/uploads\/2021\/11\/WhatsApp-Image-2021-11-29-at-19.52.23-768x429.jpeg 768w, https:\/\/eldiariodesanpedro.com.ar\/sitio\/wp-content\/uploads\/2021\/11\/WhatsApp-Image-2021-11-29-at-19.52.23.jpeg 1129w\" data-sizes=\"(max-width: 1024px) 100vw, 1024px\" src=\"data:image\/svg+xml;base64,PHN2ZyB3aWR0aD0iMSIgaGVpZ2h0PSIxIiB4bWxucz0iaHR0cDovL3d3dy53My5vcmcvMjAwMC9zdmciPjwvc3ZnPg==\" style=\"--smush-placeholder-width: 1024px; --smush-placeholder-aspect-ratio: 1024\/571;\" \/><\/figure>\n\n\n\n<figure class=\"wp-block-image size-large\"><img decoding=\"async\" width=\"1024\" height=\"571\" data-attachment-id=\"101730\" data-permalink=\"https:\/\/eldiariodesanpedro.com.ar\/sitio\/promocion-de-la-temporada-turistica-sampedrina-en-cronica-tv\/whatsapp-image-2021-11-29-at-19-52-24\/\" data-orig-file=\"https:\/\/eldiariodesanpedro.com.ar\/sitio\/wp-content\/uploads\/2021\/11\/WhatsApp-Image-2021-11-29-at-19.52.24.jpeg\" data-orig-size=\"1129,630\" data-comments-opened=\"0\" data-image-meta=\"{&quot;aperture&quot;:&quot;0&quot;,&quot;credit&quot;:&quot;&quot;,&quot;camera&quot;:&quot;&quot;,&quot;caption&quot;:&quot;&quot;,&quot;created_timestamp&quot;:&quot;0&quot;,&quot;copyright&quot;:&quot;&quot;,&quot;focal_length&quot;:&quot;0&quot;,&quot;iso&quot;:&quot;0&quot;,&quot;shutter_speed&quot;:&quot;0&quot;,&quot;title&quot;:&quot;&quot;,&quot;orientation&quot;:&quot;0&quot;}\" data-image-title=\"WhatsApp Image 2021-11-29 at 19.52.24\" data-image-description=\"\" data-image-caption=\"\" data-large-file=\"https:\/\/eldiariodesanpedro.com.ar\/sitio\/wp-content\/uploads\/2021\/11\/WhatsApp-Image-2021-11-29-at-19.52.24-1024x571.jpeg\" data-src=\"https:\/\/eldiariodesanpedro.com.ar\/sitio\/wp-content\/uploads\/2021\/11\/WhatsApp-Image-2021-11-29-at-19.52.24-1024x571.jpeg\" alt=\"\" class=\"wp-image-101730 lazyload\" data-srcset=\"https:\/\/eldiariodesanpedro.com.ar\/sitio\/wp-content\/uploads\/2021\/11\/WhatsApp-Image-2021-11-29-at-19.52.24-1024x571.jpeg 1024w, https:\/\/eldiariodesanpedro.com.ar\/sitio\/wp-content\/uploads\/2021\/11\/WhatsApp-Image-2021-11-29-at-19.52.24-300x167.jpeg 300w, https:\/\/eldiariodesanpedro.com.ar\/sitio\/wp-content\/uploads\/2021\/11\/WhatsApp-Image-2021-11-29-at-19.52.24-768x429.jpeg 768w, https:\/\/eldiariodesanpedro.com.ar\/sitio\/wp-content\/uploads\/2021\/11\/WhatsApp-Image-2021-11-29-at-19.52.24.jpeg 1129w\" data-sizes=\"(max-width: 1024px) 100vw, 1024px\" src=\"data:image\/svg+xml;base64,PHN2ZyB3aWR0aD0iMSIgaGVpZ2h0PSIxIiB4bWxucz0iaHR0cDovL3d3dy53My5vcmcvMjAwMC9zdmciPjwvc3ZnPg==\" style=\"--smush-placeholder-width: 1024px; --smush-placeholder-aspect-ratio: 1024\/571;\" \/><\/figure>\n","protected":false},"excerpt":{"rendered":"<p>El domingo por la tarde en uno de los segmentos de informaci\u00f3n de la se\u00f1al Cr\u00f3nica TV, se presentaron las novedades de la temporada 2021 \/ 2022 en San Pedro. La Secretaria de Turismo y Cultura Marcela Cu\u00f1er repas\u00f3 la agenda ya confirmada para el verano con espect\u00e1culos de nivel nacional y las tradicionales fiestas [&hellip;]<\/p>\n","protected":false},"author":4,"featured_media":101728,"comment_status":"closed","ping_status":"closed","sticky":false,"template":"","format":"standard","meta":{"om_disable_all_campaigns":false,"_jetpack_memberships_contains_paid_content":false,"footnotes":""},"categories":[50,101,2],"tags":[197,696,33,19],"class_list":["post-101727","post","type-post","status-publish","format-standard","has-post-thumbnail","hentry","category-destacadas","category-interes-general-locales","category-locales","tag-buenos-aires","tag-interes-general","tag-locales","tag-san-pedro"],"aioseo_notices":[],"gutentor_comment":0,"jetpack_featured_media_url":"https:\/\/eldiariodesanpedro.com.ar\/sitio\/wp-content\/uploads\/2021\/11\/WhatsApp-Image-2021-11-29-at-19.52.22.jpeg","jetpack_shortlink":"https:\/\/wp.me\/p6RhLt-qsL","jetpack_sharing_enabled":true,"_links":{"self":[{"href":"https:\/\/eldiariodesanpedro.com.ar\/sitio\/wp-json\/wp\/v2\/posts\/101727","targetHints":{"allow":["GET"]}}],"collection":[{"href":"https:\/\/eldiariodesanpedro.com.ar\/sitio\/wp-json\/wp\/v2\/posts"}],"about":[{"href":"https:\/\/eldiariodesanpedro.com.ar\/sitio\/wp-json\/wp\/v2\/types\/post"}],"author":[{"embeddable":true,"href":"https:\/\/eldiariodesanpedro.com.ar\/sitio\/wp-json\/wp\/v2\/users\/4"}],"replies":[{"embeddable":true,"href":"https:\/\/eldiariodesanpedro.com.ar\/sitio\/wp-json\/wp\/v2\/comments?post=101727"}],"version-history":[{"count":1,"href":"https:\/\/eldiariodesanpedro.com.ar\/sitio\/wp-json\/wp\/v2\/posts\/101727\/revisions"}],"predecessor-version":[{"id":101731,"href":"https:\/\/eldiariodesanpedro.com.ar\/sitio\/wp-json\/wp\/v2\/posts\/101727\/revisions\/101731"}],"wp:featuredmedia":[{"embeddable":true,"href":"https:\/\/eldiariodesanpedro.com.ar\/sitio\/wp-json\/wp\/v2\/media\/101728"}],"wp:attachment":[{"href":"https:\/\/eldiariodesanpedro.com.ar\/sitio\/wp-json\/wp\/v2\/media?parent=101727"}],"wp:term":[{"taxonomy":"category","embeddable":true,"href":"https:\/\/eldiariodesanpedro.com.ar\/sitio\/wp-json\/wp\/v2\/categories?post=101727"},{"taxonomy":"post_tag","embeddable":true,"href":"https:\/\/eldiariodesanpedro.com.ar\/sitio\/wp-json\/wp\/v2\/tags?post=101727"}],"curies":[{"name":"wp","href":"https:\/\/api.w.org\/{rel}","templated":true}]}}