{"id":10172,"date":"2016-11-14T18:36:12","date_gmt":"2016-11-14T21:36:12","guid":{"rendered":"https:\/\/eldiariodesanpedro.com.ar\/sitio\/?p=10172"},"modified":"2016-11-14T18:36:12","modified_gmt":"2016-11-14T21:36:12","slug":"ramallo-fallecio-una-joven-en-un-accidente-en-el-camino-de-la-costa","status":"publish","type":"post","link":"https:\/\/eldiariodesanpedro.com.ar\/sitio\/ramallo-fallecio-una-joven-en-un-accidente-en-el-camino-de-la-costa\/","title":{"rendered":"RAMALLO: Falleci\u00f3 una joven en un accidente en el camino de la costa"},"content":{"rendered":"<p><!-- VideographyWP Plugin Message: Automatic video embedding prevented by plugin options. --><br \/>\nEste domingo alrededor de las cinco de la ma\u00f1ana se produjo un accidente fatal en el camino de la costa. Por causas que se deber\u00e1n establecer, colisionaron un Fiat Siena en el que viajaba una pareja y un Chevrolet Corsa donde iban cinco j\u00f3venes. El Fiat iba en direcci\u00f3n Ramallo- San Nicol\u00e1s, en tanto que el Chevrolet se dirig\u00eda en sentido San Nicol\u00e1s-Ramallo.<\/p>\n<p>Como consecuencia del violento impacto, pasado el mediod\u00eda en la ciudad de San Nicol\u00e1s falleci\u00f3 Solange Cariboni, de 18 a\u00f1os, tras ser asistida en un centro de salud. La joven viajaba en el Chevrolet, inform\u00f3 personal de la comisar\u00eda segunda de Villa Ramallo.<\/p>\n<p>En horas de la noche se conoci\u00f3 que Micaela Mart\u00ednez, mayor de edad, se encontraba internada en el hospital San Felipe en estado reservado se\u00f1alaron desde sede policial.<\/p>\n<p>En el lugar trabajaron bomberos, voluntarios, polic\u00eda de la provincia de Buenos Aires y servicios m\u00e9dicos municipales y privados.<\/p>\n","protected":false},"excerpt":{"rendered":"<p>Este domingo alrededor de las cinco de la ma\u00f1ana se produjo un accidente fatal en el camino de la costa. Por causas que se deber\u00e1n establecer, colisionaron un Fiat Siena en el que viajaba una pareja y un Chevrolet Corsa donde iban cinco j\u00f3venes. El Fiat iba en direcci\u00f3n Ramallo- San Nicol\u00e1s, en tanto que [&hellip;]<\/p>\n","protected":false},"author":4,"featured_media":10173,"comment_status":"open","ping_status":"closed","sticky":false,"template":"","format":"standard","meta":{"om_disable_all_campaigns":false,"_jetpack_memberships_contains_paid_content":false,"footnotes":""},"categories":[621],"tags":[],"class_list":["post-10172","post","type-post","status-publish","format-standard","has-post-thumbnail","hentry","category-regionales"],"aioseo_notices":[],"gutentor_comment":0,"jetpack_featured_media_url":"https:\/\/eldiariodesanpedro.com.ar\/sitio\/wp-content\/uploads\/2016\/11\/ramallo-fallecida-camino-costa.jpg","jetpack_shortlink":"https:\/\/wp.me\/p6RhLt-2E4","jetpack_sharing_enabled":true,"_links":{"self":[{"href":"https:\/\/eldiariodesanpedro.com.ar\/sitio\/wp-json\/wp\/v2\/posts\/10172","targetHints":{"allow":["GET"]}}],"collection":[{"href":"https:\/\/eldiariodesanpedro.com.ar\/sitio\/wp-json\/wp\/v2\/posts"}],"about":[{"href":"https:\/\/eldiariodesanpedro.com.ar\/sitio\/wp-json\/wp\/v2\/types\/post"}],"author":[{"embeddable":true,"href":"https:\/\/eldiariodesanpedro.com.ar\/sitio\/wp-json\/wp\/v2\/users\/4"}],"replies":[{"embeddable":true,"href":"https:\/\/eldiariodesanpedro.com.ar\/sitio\/wp-json\/wp\/v2\/comments?post=10172"}],"version-history":[{"count":1,"href":"https:\/\/eldiariodesanpedro.com.ar\/sitio\/wp-json\/wp\/v2\/posts\/10172\/revisions"}],"predecessor-version":[{"id":10174,"href":"https:\/\/eldiariodesanpedro.com.ar\/sitio\/wp-json\/wp\/v2\/posts\/10172\/revisions\/10174"}],"wp:featuredmedia":[{"embeddable":true,"href":"https:\/\/eldiariodesanpedro.com.ar\/sitio\/wp-json\/wp\/v2\/media\/10173"}],"wp:attachment":[{"href":"https:\/\/eldiariodesanpedro.com.ar\/sitio\/wp-json\/wp\/v2\/media?parent=10172"}],"wp:term":[{"taxonomy":"category","embeddable":true,"href":"https:\/\/eldiariodesanpedro.com.ar\/sitio\/wp-json\/wp\/v2\/categories?post=10172"},{"taxonomy":"post_tag","embeddable":true,"href":"https:\/\/eldiariodesanpedro.com.ar\/sitio\/wp-json\/wp\/v2\/tags?post=10172"}],"curies":[{"name":"wp","href":"https:\/\/api.w.org\/{rel}","templated":true}]}}