{"id":101718,"date":"2021-11-29T14:50:21","date_gmt":"2021-11-29T17:50:21","guid":{"rendered":"https:\/\/eldiariodesanpedro.com.ar\/sitio\/?p=101718"},"modified":"2021-11-29T14:50:23","modified_gmt":"2021-11-29T17:50:23","slug":"edicto-de-sucesion-de-elgoyhen-nestor-raul-2","status":"publish","type":"post","link":"https:\/\/eldiariodesanpedro.com.ar\/sitio\/edicto-de-sucesion-de-elgoyhen-nestor-raul-2\/","title":{"rendered":"Edicto de Sucesi\u00f3n de Elgoyhen Nestor Raul"},"content":{"rendered":"<!-- VideographyWP Plugin Message: Automatic video embedding prevented by plugin options. -->\n\n<p>El Juzgado de Paz de San Pedro, Secretar\u00eda \u00danica, cita y emplaza por el t\u00e9rmino de treinta d\u00edas a herederos y acreedores de <strong>Elgoyhen Nestor Raul<\/strong>, San Pedro, 27 de Octubre de 2021.-<\/p>\n\n\n\n<p>DR. FACUNDO VELL\u00d3N<br>ABOGADO SECRETARIO&nbsp;<\/p>\n\n\n\n<p>(Publicaci\u00f3n los d\u00edas 29 y 30 de noviembre, y 1 de diciembre de 2021)<\/p>\n","protected":false},"excerpt":{"rendered":"<p>El Juzgado de Paz de San Pedro, Secretar\u00eda \u00danica, cita y emplaza por el t\u00e9rmino de treinta d\u00edas a herederos y acreedores de Elgoyhen Nestor Raul, San Pedro, 27 de Octubre de 2021.- DR. FACUNDO VELL\u00d3NABOGADO SECRETARIO&nbsp; (Publicaci\u00f3n los d\u00edas 29 y 30 de noviembre, y 1 de diciembre de 2021)<\/p>\n","protected":false},"author":4,"featured_media":81115,"comment_status":"closed","ping_status":"closed","sticky":false,"template":"","format":"standard","meta":{"om_disable_all_campaigns":false,"_jetpack_memberships_contains_paid_content":false,"footnotes":""},"categories":[676,677],"tags":[197,1121,2516,696,1355,33,19,1122],"class_list":["post-101718","post","type-post","status-publish","format-standard","has-post-thumbnail","hentry","category-edictos","category-edictos-sucesorios","tag-buenos-aires","tag-edicto","tag-edicto-de-sucesion-de-elgoyhen-nestor-raul","tag-interes-general","tag-judiciales","tag-locales","tag-san-pedro","tag-sucesion"],"aioseo_notices":[],"gutentor_comment":0,"jetpack_featured_media_url":"https:\/\/eldiariodesanpedro.com.ar\/sitio\/wp-content\/uploads\/2020\/09\/Poder-Judicial.jpg","jetpack_shortlink":"https:\/\/wp.me\/p6RhLt-qsC","jetpack_sharing_enabled":true,"_links":{"self":[{"href":"https:\/\/eldiariodesanpedro.com.ar\/sitio\/wp-json\/wp\/v2\/posts\/101718","targetHints":{"allow":["GET"]}}],"collection":[{"href":"https:\/\/eldiariodesanpedro.com.ar\/sitio\/wp-json\/wp\/v2\/posts"}],"about":[{"href":"https:\/\/eldiariodesanpedro.com.ar\/sitio\/wp-json\/wp\/v2\/types\/post"}],"author":[{"embeddable":true,"href":"https:\/\/eldiariodesanpedro.com.ar\/sitio\/wp-json\/wp\/v2\/users\/4"}],"replies":[{"embeddable":true,"href":"https:\/\/eldiariodesanpedro.com.ar\/sitio\/wp-json\/wp\/v2\/comments?post=101718"}],"version-history":[{"count":1,"href":"https:\/\/eldiariodesanpedro.com.ar\/sitio\/wp-json\/wp\/v2\/posts\/101718\/revisions"}],"predecessor-version":[{"id":101719,"href":"https:\/\/eldiariodesanpedro.com.ar\/sitio\/wp-json\/wp\/v2\/posts\/101718\/revisions\/101719"}],"wp:featuredmedia":[{"embeddable":true,"href":"https:\/\/eldiariodesanpedro.com.ar\/sitio\/wp-json\/wp\/v2\/media\/81115"}],"wp:attachment":[{"href":"https:\/\/eldiariodesanpedro.com.ar\/sitio\/wp-json\/wp\/v2\/media?parent=101718"}],"wp:term":[{"taxonomy":"category","embeddable":true,"href":"https:\/\/eldiariodesanpedro.com.ar\/sitio\/wp-json\/wp\/v2\/categories?post=101718"},{"taxonomy":"post_tag","embeddable":true,"href":"https:\/\/eldiariodesanpedro.com.ar\/sitio\/wp-json\/wp\/v2\/tags?post=101718"}],"curies":[{"name":"wp","href":"https:\/\/api.w.org\/{rel}","templated":true}]}}