{"id":101712,"date":"2021-11-29T14:37:26","date_gmt":"2021-11-29T17:37:26","guid":{"rendered":"https:\/\/eldiariodesanpedro.com.ar\/sitio\/?p=101712"},"modified":"2021-11-29T14:37:29","modified_gmt":"2021-11-29T17:37:29","slug":"hoy-visito-san-pedro-la-ministra-de-trabajo-mara-ruiz-malec","status":"publish","type":"post","link":"https:\/\/eldiariodesanpedro.com.ar\/sitio\/hoy-visito-san-pedro-la-ministra-de-trabajo-mara-ruiz-malec\/","title":{"rendered":"Hoy visit\u00f3 San Pedro la Ministra de Trabajo Mara Ruiz Malec"},"content":{"rendered":"<!-- VideographyWP Plugin Message: Automatic video embedding prevented by plugin options. -->\n\n<p>Esta ma\u00f1ana, el Intendente Cecilio Salazar recibi\u00f3 en su despacho a la Ministra de Trabajo de la Provincia de Buenos Aires Mara Ruiz Malec, con una agenda de reuniones y actividades con diferentes sectores de la comunidad.<\/p>\n\n\n\n<p>Fue recibida junto al Jefe Comunal por el Secretario de Coordinaci\u00f3n Ram\u00f3n Salazar, el secretario de Gobierno Pablo Vlaeminck y el secretario de Desarrollo Econ\u00f3mico Alfredo Carrasco.<\/p>\n\n\n\n<p>La Ministra destac\u00f3 el equipo de trabajo que se fue conformando junto a los funcionarios del Intendente Salazar quienes comparten el objetivo de fortalecer los cursos que se desarrollan en los Centros de Formaci\u00f3n Laboral para que reflejen su efecto positivo en la estructura productiva de la regi\u00f3n.<\/p>\n\n\n\n<p>Luego de la reuni\u00f3n con el Intendente y de un contacto con la prensa, la ministra encabez\u00f3 una reuni\u00f3n de la mesa distrital del Consejo Provincial de Educaci\u00f3n y Trabajo (COPRET) junto a funcionarios locales. Dentro de la agenda tambi\u00e9n se incluy\u00f3 una reuni\u00f3n con gremios y visitas a los centros de formaci\u00f3n laboral en la ciudad.<\/p>\n\n\n\n<figure class=\"wp-block-image size-full\"><img decoding=\"async\" width=\"1013\" height=\"630\" data-attachment-id=\"101713\" data-permalink=\"https:\/\/eldiariodesanpedro.com.ar\/sitio\/hoy-visito-san-pedro-la-ministra-de-trabajo-mara-ruiz-malec\/whatsapp-image-2021-11-29-at-14-05-04\/\" data-orig-file=\"https:\/\/eldiariodesanpedro.com.ar\/sitio\/wp-content\/uploads\/2021\/11\/WhatsApp-Image-2021-11-29-at-14.05.04.jpeg\" data-orig-size=\"1013,630\" data-comments-opened=\"0\" data-image-meta=\"{&quot;aperture&quot;:&quot;0&quot;,&quot;credit&quot;:&quot;&quot;,&quot;camera&quot;:&quot;&quot;,&quot;caption&quot;:&quot;&quot;,&quot;created_timestamp&quot;:&quot;0&quot;,&quot;copyright&quot;:&quot;&quot;,&quot;focal_length&quot;:&quot;0&quot;,&quot;iso&quot;:&quot;0&quot;,&quot;shutter_speed&quot;:&quot;0&quot;,&quot;title&quot;:&quot;&quot;,&quot;orientation&quot;:&quot;0&quot;}\" data-image-title=\"WhatsApp Image 2021-11-29 at 14.05.04\" data-image-description=\"\" data-image-caption=\"\" data-large-file=\"https:\/\/eldiariodesanpedro.com.ar\/sitio\/wp-content\/uploads\/2021\/11\/WhatsApp-Image-2021-11-29-at-14.05.04.jpeg\" data-src=\"https:\/\/eldiariodesanpedro.com.ar\/sitio\/wp-content\/uploads\/2021\/11\/WhatsApp-Image-2021-11-29-at-14.05.04.jpeg\" alt=\"\" class=\"wp-image-101713 lazyload\" data-srcset=\"https:\/\/eldiariodesanpedro.com.ar\/sitio\/wp-content\/uploads\/2021\/11\/WhatsApp-Image-2021-11-29-at-14.05.04.jpeg 1013w, https:\/\/eldiariodesanpedro.com.ar\/sitio\/wp-content\/uploads\/2021\/11\/WhatsApp-Image-2021-11-29-at-14.05.04-300x187.jpeg 300w, https:\/\/eldiariodesanpedro.com.ar\/sitio\/wp-content\/uploads\/2021\/11\/WhatsApp-Image-2021-11-29-at-14.05.04-768x478.jpeg 768w\" data-sizes=\"(max-width: 1013px) 100vw, 1013px\" src=\"data:image\/svg+xml;base64,PHN2ZyB3aWR0aD0iMSIgaGVpZ2h0PSIxIiB4bWxucz0iaHR0cDovL3d3dy53My5vcmcvMjAwMC9zdmciPjwvc3ZnPg==\" style=\"--smush-placeholder-width: 1013px; --smush-placeholder-aspect-ratio: 1013\/630;\" \/><\/figure>\n\n\n\n<figure class=\"wp-block-image size-full\"><img decoding=\"async\" width=\"945\" height=\"630\" data-attachment-id=\"101716\" data-permalink=\"https:\/\/eldiariodesanpedro.com.ar\/sitio\/hoy-visito-san-pedro-la-ministra-de-trabajo-mara-ruiz-malec\/whatsapp-image-2021-11-29-at-14-05-06\/\" data-orig-file=\"https:\/\/eldiariodesanpedro.com.ar\/sitio\/wp-content\/uploads\/2021\/11\/WhatsApp-Image-2021-11-29-at-14.05.06.jpeg\" data-orig-size=\"945,630\" data-comments-opened=\"0\" data-image-meta=\"{&quot;aperture&quot;:&quot;0&quot;,&quot;credit&quot;:&quot;&quot;,&quot;camera&quot;:&quot;&quot;,&quot;caption&quot;:&quot;&quot;,&quot;created_timestamp&quot;:&quot;0&quot;,&quot;copyright&quot;:&quot;&quot;,&quot;focal_length&quot;:&quot;0&quot;,&quot;iso&quot;:&quot;0&quot;,&quot;shutter_speed&quot;:&quot;0&quot;,&quot;title&quot;:&quot;&quot;,&quot;orientation&quot;:&quot;0&quot;}\" data-image-title=\"WhatsApp Image 2021-11-29 at 14.05.06\" data-image-description=\"\" data-image-caption=\"\" data-large-file=\"https:\/\/eldiariodesanpedro.com.ar\/sitio\/wp-content\/uploads\/2021\/11\/WhatsApp-Image-2021-11-29-at-14.05.06.jpeg\" data-src=\"https:\/\/eldiariodesanpedro.com.ar\/sitio\/wp-content\/uploads\/2021\/11\/WhatsApp-Image-2021-11-29-at-14.05.06.jpeg\" alt=\"\" class=\"wp-image-101716 lazyload\" data-srcset=\"https:\/\/eldiariodesanpedro.com.ar\/sitio\/wp-content\/uploads\/2021\/11\/WhatsApp-Image-2021-11-29-at-14.05.06.jpeg 945w, https:\/\/eldiariodesanpedro.com.ar\/sitio\/wp-content\/uploads\/2021\/11\/WhatsApp-Image-2021-11-29-at-14.05.06-300x200.jpeg 300w, https:\/\/eldiariodesanpedro.com.ar\/sitio\/wp-content\/uploads\/2021\/11\/WhatsApp-Image-2021-11-29-at-14.05.06-768x512.jpeg 768w\" data-sizes=\"(max-width: 945px) 100vw, 945px\" src=\"data:image\/svg+xml;base64,PHN2ZyB3aWR0aD0iMSIgaGVpZ2h0PSIxIiB4bWxucz0iaHR0cDovL3d3dy53My5vcmcvMjAwMC9zdmciPjwvc3ZnPg==\" style=\"--smush-placeholder-width: 945px; --smush-placeholder-aspect-ratio: 945\/630;\" \/><\/figure>\n","protected":false},"excerpt":{"rendered":"<p>Esta ma\u00f1ana, el Intendente Cecilio Salazar recibi\u00f3 en su despacho a la Ministra de Trabajo de la Provincia de Buenos Aires Mara Ruiz Malec, con una agenda de reuniones y actividades con diferentes sectores de la comunidad. Fue recibida junto al Jefe Comunal por el Secretario de Coordinaci\u00f3n Ram\u00f3n Salazar, el secretario de Gobierno Pablo [&hellip;]<\/p>\n","protected":false},"author":4,"featured_media":101714,"comment_status":"closed","ping_status":"closed","sticky":false,"template":"","format":"standard","meta":{"om_disable_all_campaigns":false,"_jetpack_memberships_contains_paid_content":false,"footnotes":""},"categories":[50,101,2],"tags":[197,696,33,19],"class_list":["post-101712","post","type-post","status-publish","format-standard","has-post-thumbnail","hentry","category-destacadas","category-interes-general-locales","category-locales","tag-buenos-aires","tag-interes-general","tag-locales","tag-san-pedro"],"aioseo_notices":[],"gutentor_comment":0,"jetpack_featured_media_url":"https:\/\/eldiariodesanpedro.com.ar\/sitio\/wp-content\/uploads\/2021\/11\/WhatsApp-Image-2021-11-29-at-14.05.05-1.jpeg","jetpack_shortlink":"https:\/\/wp.me\/p6RhLt-qsw","jetpack_sharing_enabled":true,"_links":{"self":[{"href":"https:\/\/eldiariodesanpedro.com.ar\/sitio\/wp-json\/wp\/v2\/posts\/101712","targetHints":{"allow":["GET"]}}],"collection":[{"href":"https:\/\/eldiariodesanpedro.com.ar\/sitio\/wp-json\/wp\/v2\/posts"}],"about":[{"href":"https:\/\/eldiariodesanpedro.com.ar\/sitio\/wp-json\/wp\/v2\/types\/post"}],"author":[{"embeddable":true,"href":"https:\/\/eldiariodesanpedro.com.ar\/sitio\/wp-json\/wp\/v2\/users\/4"}],"replies":[{"embeddable":true,"href":"https:\/\/eldiariodesanpedro.com.ar\/sitio\/wp-json\/wp\/v2\/comments?post=101712"}],"version-history":[{"count":1,"href":"https:\/\/eldiariodesanpedro.com.ar\/sitio\/wp-json\/wp\/v2\/posts\/101712\/revisions"}],"predecessor-version":[{"id":101717,"href":"https:\/\/eldiariodesanpedro.com.ar\/sitio\/wp-json\/wp\/v2\/posts\/101712\/revisions\/101717"}],"wp:featuredmedia":[{"embeddable":true,"href":"https:\/\/eldiariodesanpedro.com.ar\/sitio\/wp-json\/wp\/v2\/media\/101714"}],"wp:attachment":[{"href":"https:\/\/eldiariodesanpedro.com.ar\/sitio\/wp-json\/wp\/v2\/media?parent=101712"}],"wp:term":[{"taxonomy":"category","embeddable":true,"href":"https:\/\/eldiariodesanpedro.com.ar\/sitio\/wp-json\/wp\/v2\/categories?post=101712"},{"taxonomy":"post_tag","embeddable":true,"href":"https:\/\/eldiariodesanpedro.com.ar\/sitio\/wp-json\/wp\/v2\/tags?post=101712"}],"curies":[{"name":"wp","href":"https:\/\/api.w.org\/{rel}","templated":true}]}}