{"id":101710,"date":"2021-11-29T14:30:54","date_gmt":"2021-11-29T17:30:54","guid":{"rendered":"https:\/\/eldiariodesanpedro.com.ar\/sitio\/?p=101710"},"modified":"2021-11-29T14:30:56","modified_gmt":"2021-11-29T17:30:56","slug":"corte-de-energia-programado-para-este-martes-en-un-sector-de-la-ciudad","status":"publish","type":"post","link":"https:\/\/eldiariodesanpedro.com.ar\/sitio\/corte-de-energia-programado-para-este-martes-en-un-sector-de-la-ciudad\/","title":{"rendered":"Corte de energia programado para este martes en un sector de la ciudad"},"content":{"rendered":"<!-- VideographyWP Plugin Message: Automatic video embedding prevented by plugin options. -->\n\n<p>COOPSER informa que ma\u00f1ana martes 30 de noviembre se realizar\u00e1n cortes de energ\u00eda por tareas de mantenimiento, entre las 7 y las 11.<\/p>\n\n\n\n<p>Por mantenimiento de la Subestaci\u00f3n SP1 se cortar\u00e1 en los barrios 4 Robles, Los Tilos, Segundo Sombra del 3000 al 5000 mano par y Garret del 1500 al 1650.<\/p>\n\n\n\n<p>Por mantenimiento y reparaciones tras la tormenta del 13\/11 se cortar\u00e1 la zona de A. Del Valle y Basavilbaso, comprendiendo Basavilbaso 400 al 600, &nbsp;A. del Valle 100 al 400, Bonorino 100 al 400 mano impar, Bernardo de Irigoyen 135 al 395 y Carlos Gardel del 150 al 300.<\/p>\n\n\n\n<p><strong>En caso de mal tiempo ser\u00e1 reprogramado<\/strong><\/p>\n","protected":false},"excerpt":{"rendered":"<p>COOPSER informa que ma\u00f1ana martes 30 de noviembre se realizar\u00e1n cortes de energ\u00eda por tareas de mantenimiento, entre las 7 y las 11. Por mantenimiento de la Subestaci\u00f3n SP1 se cortar\u00e1 en los barrios 4 Robles, Los Tilos, Segundo Sombra del 3000 al 5000 mano par y Garret del 1500 al 1650. Por mantenimiento y [&hellip;]<\/p>\n","protected":false},"author":4,"featured_media":70168,"comment_status":"closed","ping_status":"closed","sticky":false,"template":"","format":"standard","meta":{"om_disable_all_campaigns":false,"_jetpack_memberships_contains_paid_content":false,"footnotes":""},"categories":[101,2],"tags":[197,696,33,19],"class_list":["post-101710","post","type-post","status-publish","format-standard","has-post-thumbnail","hentry","category-interes-general-locales","category-locales","tag-buenos-aires","tag-interes-general","tag-locales","tag-san-pedro"],"aioseo_notices":[],"gutentor_comment":0,"jetpack_featured_media_url":"https:\/\/eldiariodesanpedro.com.ar\/sitio\/wp-content\/uploads\/2020\/03\/archivo-coopser-1.jpeg","jetpack_shortlink":"https:\/\/wp.me\/p6RhLt-qsu","jetpack_sharing_enabled":true,"_links":{"self":[{"href":"https:\/\/eldiariodesanpedro.com.ar\/sitio\/wp-json\/wp\/v2\/posts\/101710","targetHints":{"allow":["GET"]}}],"collection":[{"href":"https:\/\/eldiariodesanpedro.com.ar\/sitio\/wp-json\/wp\/v2\/posts"}],"about":[{"href":"https:\/\/eldiariodesanpedro.com.ar\/sitio\/wp-json\/wp\/v2\/types\/post"}],"author":[{"embeddable":true,"href":"https:\/\/eldiariodesanpedro.com.ar\/sitio\/wp-json\/wp\/v2\/users\/4"}],"replies":[{"embeddable":true,"href":"https:\/\/eldiariodesanpedro.com.ar\/sitio\/wp-json\/wp\/v2\/comments?post=101710"}],"version-history":[{"count":1,"href":"https:\/\/eldiariodesanpedro.com.ar\/sitio\/wp-json\/wp\/v2\/posts\/101710\/revisions"}],"predecessor-version":[{"id":101711,"href":"https:\/\/eldiariodesanpedro.com.ar\/sitio\/wp-json\/wp\/v2\/posts\/101710\/revisions\/101711"}],"wp:featuredmedia":[{"embeddable":true,"href":"https:\/\/eldiariodesanpedro.com.ar\/sitio\/wp-json\/wp\/v2\/media\/70168"}],"wp:attachment":[{"href":"https:\/\/eldiariodesanpedro.com.ar\/sitio\/wp-json\/wp\/v2\/media?parent=101710"}],"wp:term":[{"taxonomy":"category","embeddable":true,"href":"https:\/\/eldiariodesanpedro.com.ar\/sitio\/wp-json\/wp\/v2\/categories?post=101710"},{"taxonomy":"post_tag","embeddable":true,"href":"https:\/\/eldiariodesanpedro.com.ar\/sitio\/wp-json\/wp\/v2\/tags?post=101710"}],"curies":[{"name":"wp","href":"https:\/\/api.w.org\/{rel}","templated":true}]}}