{"id":101706,"date":"2021-11-29T12:44:28","date_gmt":"2021-11-29T15:44:28","guid":{"rendered":"https:\/\/eldiariodesanpedro.com.ar\/sitio\/?p=101706"},"modified":"2021-11-29T12:44:30","modified_gmt":"2021-11-29T15:44:30","slug":"vacuna-libre-para-toda-la-poblacion-bonaerense-mayor-a-los-3-anos","status":"publish","type":"post","link":"https:\/\/eldiariodesanpedro.com.ar\/sitio\/vacuna-libre-para-toda-la-poblacion-bonaerense-mayor-a-los-3-anos\/","title":{"rendered":"Vacuna libre para toda la poblaci\u00f3n bonaerense mayor a los 3 a\u00f1os"},"content":{"rendered":"<!-- VideographyWP Plugin Message: Automatic video embedding prevented by plugin options. -->\n\n<p>Adem\u00e1s el gobernador anunci\u00f3 que, desde el 10 de diciembre, la segunda dosis ser\u00e1 libre. El gobierno provincial, al igual que nacional, buscan incentivar a la poblaci\u00f3n a completar su esquema de vacunaci\u00f3n para evitar la llegada de una tercera ola. Los y las trabajadores\/as de la salud, junto con la poblaci\u00f3n de riesgo, tendr\u00e1n adem\u00e1s la tercera dosis (o refuerzo) de manera libre en todos los vacunatorios bonaerenses.\u00a0<\/p>\n\n\n\n<p>Junto al ministro de Salud bonaerense Nicol\u00e1s Kreplak, el gobernador Axel Kicillof anunci\u00f3 desde La Plata que, desde este martes 30, habr\u00e1 primera dosis \u00ablibre\u00bb para todos los y las bonaerenses mayores de 3 a\u00f1os. El gobierno de la Provincia, en l\u00ednea con los anuncios realizados por la ministra de Naci\u00f3n Carla Vizzotti, apunta a incentivar a la poblaci\u00f3n a completar su calendario de vacunaci\u00f3n, de cara principalmente al pr\u00f3ximo mes de marzo 2022 y la posibilidad de una segunda ola.<\/p>\n\n\n\n<p>A nivel mundial, el alerta est\u00e1 puesto en lo que sucede en \u00c1frica con la aparici\u00f3n de una nueva variante. Frente a esta situaci\u00f3n epidemiol\u00f3gica, la recomendaci\u00f3n de los expertos sigue siendo la vacuna. A nivel nacional se anunci\u00f3 una disminuci\u00f3n en el ritmo de la aplicaci\u00f3n de las vacunas y apuntan a instaurar un pasaporte epidemiol\u00f3gico para incentivar la aplicaci\u00f3n de las segundas dosis.<\/p>\n\n\n\n<p>El segundo anuncio del gobernador Kicillof fue en este sentido: a partir del 10 de diciembre habr\u00e1 segunda dosis libres para mayores de tres a\u00f1os solamente presentando su DNI con domicilio en la provincia.&nbsp;<\/p>\n\n\n\n<p>Por \u00faltimo, el mandatario indic\u00f3 que, a partir tambi\u00e9n de este martes 30, la tercera dosis o refuerzo para trabajadores\/as de la salud y personas de riesgo ser\u00e1 libre tambi\u00e9n en todos los vacunatorios bonaerenses.&nbsp;<\/p>\n","protected":false},"excerpt":{"rendered":"<p>Adem\u00e1s el gobernador anunci\u00f3 que, desde el 10 de diciembre, la segunda dosis ser\u00e1 libre. El gobierno provincial, al igual que nacional, buscan incentivar a la poblaci\u00f3n a completar su esquema de vacunaci\u00f3n para evitar la llegada de una tercera ola. Los y las trabajadores\/as de la salud, junto con la poblaci\u00f3n de riesgo, tendr\u00e1n [&hellip;]<\/p>\n","protected":false},"author":4,"featured_media":101707,"comment_status":"closed","ping_status":"closed","sticky":false,"template":"","format":"standard","meta":{"om_disable_all_campaigns":false,"_jetpack_memberships_contains_paid_content":false,"footnotes":""},"categories":[50,101,2],"tags":[],"class_list":["post-101706","post","type-post","status-publish","format-standard","has-post-thumbnail","hentry","category-destacadas","category-interes-general-locales","category-locales"],"aioseo_notices":[],"gutentor_comment":0,"jetpack_featured_media_url":"https:\/\/eldiariodesanpedro.com.ar\/sitio\/wp-content\/uploads\/2021\/11\/kicillof-compra-vacunasjpg.jpg","jetpack_shortlink":"https:\/\/wp.me\/p6RhLt-qsq","jetpack_sharing_enabled":true,"_links":{"self":[{"href":"https:\/\/eldiariodesanpedro.com.ar\/sitio\/wp-json\/wp\/v2\/posts\/101706","targetHints":{"allow":["GET"]}}],"collection":[{"href":"https:\/\/eldiariodesanpedro.com.ar\/sitio\/wp-json\/wp\/v2\/posts"}],"about":[{"href":"https:\/\/eldiariodesanpedro.com.ar\/sitio\/wp-json\/wp\/v2\/types\/post"}],"author":[{"embeddable":true,"href":"https:\/\/eldiariodesanpedro.com.ar\/sitio\/wp-json\/wp\/v2\/users\/4"}],"replies":[{"embeddable":true,"href":"https:\/\/eldiariodesanpedro.com.ar\/sitio\/wp-json\/wp\/v2\/comments?post=101706"}],"version-history":[{"count":1,"href":"https:\/\/eldiariodesanpedro.com.ar\/sitio\/wp-json\/wp\/v2\/posts\/101706\/revisions"}],"predecessor-version":[{"id":101708,"href":"https:\/\/eldiariodesanpedro.com.ar\/sitio\/wp-json\/wp\/v2\/posts\/101706\/revisions\/101708"}],"wp:featuredmedia":[{"embeddable":true,"href":"https:\/\/eldiariodesanpedro.com.ar\/sitio\/wp-json\/wp\/v2\/media\/101707"}],"wp:attachment":[{"href":"https:\/\/eldiariodesanpedro.com.ar\/sitio\/wp-json\/wp\/v2\/media?parent=101706"}],"wp:term":[{"taxonomy":"category","embeddable":true,"href":"https:\/\/eldiariodesanpedro.com.ar\/sitio\/wp-json\/wp\/v2\/categories?post=101706"},{"taxonomy":"post_tag","embeddable":true,"href":"https:\/\/eldiariodesanpedro.com.ar\/sitio\/wp-json\/wp\/v2\/tags?post=101706"}],"curies":[{"name":"wp","href":"https:\/\/api.w.org\/{rel}","templated":true}]}}