{"id":101699,"date":"2021-11-29T12:19:48","date_gmt":"2021-11-29T15:19:48","guid":{"rendered":"https:\/\/eldiariodesanpedro.com.ar\/sitio\/?p=101699"},"modified":"2021-11-29T12:22:24","modified_gmt":"2021-11-29T15:22:24","slug":"un-aprehendido-por-golpear-a-su-pareja-y-ademas-atacar-a-efectivos-policiales","status":"publish","type":"post","link":"https:\/\/eldiariodesanpedro.com.ar\/sitio\/un-aprehendido-por-golpear-a-su-pareja-y-ademas-atacar-a-efectivos-policiales\/","title":{"rendered":"Un aprehendido por golpear a su pareja y adem\u00e1s atacar a efectivos policiales"},"content":{"rendered":"<!-- VideographyWP Plugin Message: Automatic video embedding prevented by plugin options. -->\n\n<p>Este domingo promediando las 20 hs el personal policial a ra\u00edz de un llamado de emergencia al 911 se hace presente en calle Libertad al 1000 de la vecina localidad de Santa Lucia donde se aprehendi\u00f3 a ciudadano de 32 a\u00f1os, quien agredi\u00f3 f\u00edsicamente a su pareja una mujer de 39 a\u00f1os, quien fue asistida en el nosocomio local producto de lesiones leves.<\/p>\n\n\n\n<p>El ciudadano adem\u00e1s de la agresi\u00f3n a la femenina en proceder policial provoca da\u00f1os interior vivienda y opone resistencia a los uniformados.<\/p>\n\n\n\n<p>En este caso interviene la UFI 5, siendo la v\u00edctima asistida S.P.V.F y por la Comisar\u00eda de la Mujer y la Familia de San Pedro.<\/p>\n\n\n\n<figure class=\"wp-block-image size-full\"><img decoding=\"async\" width=\"473\" height=\"630\" data-attachment-id=\"101702\" data-permalink=\"https:\/\/eldiariodesanpedro.com.ar\/sitio\/un-aprehendido-por-golpear-a-su-pareja-y-ademas-atacar-a-efectivos-policiales\/whatsapp-image-2021-11-29-at-10-08-49\/\" data-orig-file=\"https:\/\/eldiariodesanpedro.com.ar\/sitio\/wp-content\/uploads\/2021\/11\/WhatsApp-Image-2021-11-29-at-10.08.49.jpeg\" data-orig-size=\"473,630\" data-comments-opened=\"0\" data-image-meta=\"{&quot;aperture&quot;:&quot;0&quot;,&quot;credit&quot;:&quot;&quot;,&quot;camera&quot;:&quot;&quot;,&quot;caption&quot;:&quot;&quot;,&quot;created_timestamp&quot;:&quot;0&quot;,&quot;copyright&quot;:&quot;&quot;,&quot;focal_length&quot;:&quot;0&quot;,&quot;iso&quot;:&quot;0&quot;,&quot;shutter_speed&quot;:&quot;0&quot;,&quot;title&quot;:&quot;&quot;,&quot;orientation&quot;:&quot;0&quot;}\" data-image-title=\"WhatsApp-Image-2021-11-29-at-10.08.49\" data-image-description=\"\" data-image-caption=\"\" data-large-file=\"https:\/\/eldiariodesanpedro.com.ar\/sitio\/wp-content\/uploads\/2021\/11\/WhatsApp-Image-2021-11-29-at-10.08.49.jpeg\" data-src=\"https:\/\/eldiariodesanpedro.com.ar\/sitio\/wp-content\/uploads\/2021\/11\/WhatsApp-Image-2021-11-29-at-10.08.49.jpeg\" alt=\"\" class=\"wp-image-101702 lazyload\" data-srcset=\"https:\/\/eldiariodesanpedro.com.ar\/sitio\/wp-content\/uploads\/2021\/11\/WhatsApp-Image-2021-11-29-at-10.08.49.jpeg 473w, https:\/\/eldiariodesanpedro.com.ar\/sitio\/wp-content\/uploads\/2021\/11\/WhatsApp-Image-2021-11-29-at-10.08.49-225x300.jpeg 225w\" data-sizes=\"(max-width: 473px) 100vw, 473px\" src=\"data:image\/svg+xml;base64,PHN2ZyB3aWR0aD0iMSIgaGVpZ2h0PSIxIiB4bWxucz0iaHR0cDovL3d3dy53My5vcmcvMjAwMC9zdmciPjwvc3ZnPg==\" style=\"--smush-placeholder-width: 473px; --smush-placeholder-aspect-ratio: 473\/630;\" \/><\/figure>\n","protected":false},"excerpt":{"rendered":"<p>Este domingo promediando las 20 hs el personal policial a ra\u00edz de un llamado de emergencia al 911 se hace presente en calle Libertad al 1000 de la vecina localidad de Santa Lucia donde se aprehendi\u00f3 a ciudadano de 32 a\u00f1os, quien agredi\u00f3 f\u00edsicamente a su pareja una mujer de 39 a\u00f1os, quien fue asistida [&hellip;]<\/p>\n","protected":false},"author":4,"featured_media":78786,"comment_status":"closed","ping_status":"closed","sticky":false,"template":"","format":"standard","meta":{"om_disable_all_campaigns":false,"_jetpack_memberships_contains_paid_content":false,"footnotes":""},"categories":[2,103],"tags":[],"class_list":["post-101699","post","type-post","status-publish","format-standard","has-post-thumbnail","hentry","category-locales","category-policiales-locales"],"aioseo_notices":[],"gutentor_comment":0,"jetpack_featured_media_url":"https:\/\/eldiariodesanpedro.com.ar\/sitio\/wp-content\/uploads\/2020\/08\/WhatsApp-Image-2020-08-01-at-21.13.06.jpeg","jetpack_shortlink":"https:\/\/wp.me\/p6RhLt-qsj","jetpack_sharing_enabled":true,"_links":{"self":[{"href":"https:\/\/eldiariodesanpedro.com.ar\/sitio\/wp-json\/wp\/v2\/posts\/101699","targetHints":{"allow":["GET"]}}],"collection":[{"href":"https:\/\/eldiariodesanpedro.com.ar\/sitio\/wp-json\/wp\/v2\/posts"}],"about":[{"href":"https:\/\/eldiariodesanpedro.com.ar\/sitio\/wp-json\/wp\/v2\/types\/post"}],"author":[{"embeddable":true,"href":"https:\/\/eldiariodesanpedro.com.ar\/sitio\/wp-json\/wp\/v2\/users\/4"}],"replies":[{"embeddable":true,"href":"https:\/\/eldiariodesanpedro.com.ar\/sitio\/wp-json\/wp\/v2\/comments?post=101699"}],"version-history":[{"count":2,"href":"https:\/\/eldiariodesanpedro.com.ar\/sitio\/wp-json\/wp\/v2\/posts\/101699\/revisions"}],"predecessor-version":[{"id":101703,"href":"https:\/\/eldiariodesanpedro.com.ar\/sitio\/wp-json\/wp\/v2\/posts\/101699\/revisions\/101703"}],"wp:featuredmedia":[{"embeddable":true,"href":"https:\/\/eldiariodesanpedro.com.ar\/sitio\/wp-json\/wp\/v2\/media\/78786"}],"wp:attachment":[{"href":"https:\/\/eldiariodesanpedro.com.ar\/sitio\/wp-json\/wp\/v2\/media?parent=101699"}],"wp:term":[{"taxonomy":"category","embeddable":true,"href":"https:\/\/eldiariodesanpedro.com.ar\/sitio\/wp-json\/wp\/v2\/categories?post=101699"},{"taxonomy":"post_tag","embeddable":true,"href":"https:\/\/eldiariodesanpedro.com.ar\/sitio\/wp-json\/wp\/v2\/tags?post=101699"}],"curies":[{"name":"wp","href":"https:\/\/api.w.org\/{rel}","templated":true}]}}