{"id":101697,"date":"2021-11-29T12:06:35","date_gmt":"2021-11-29T15:06:35","guid":{"rendered":"https:\/\/eldiariodesanpedro.com.ar\/sitio\/?p=101697"},"modified":"2021-11-29T12:06:37","modified_gmt":"2021-11-29T15:06:37","slug":"robaron-elementos-en-una-barberia","status":"publish","type":"post","link":"https:\/\/eldiariodesanpedro.com.ar\/sitio\/robaron-elementos-en-una-barberia\/","title":{"rendered":"Robaron elementos en una barber\u00eda"},"content":{"rendered":"<!-- VideographyWP Plugin Message: Automatic video embedding prevented by plugin options. -->\n\n<p>En horas de la madrugada de este lunes la polic\u00eda tuvo que intervenir en un hecho delictivo donde sustrajeron herramientas de trabajo en una barber\u00eda.<\/p>\n\n\n\n<p>Seg\u00fan inform\u00f3 el parte policial de la comisar\u00eda local esta madrugada alrededor de las 2:30 hs tuvo que intervenir un m\u00f3vil policial en calle Pellegrini al 2500 donde se encuentra un comercio tipo Barber\u00eda donde autores ignorados ingresaron y sustrajeron varios elementos utilizados para trabajar.<\/p>\n\n\n\n<p>Se investiga quienes pueden haber sido los autores del delito para poder encontrar los bienes.<\/p>\n","protected":false},"excerpt":{"rendered":"<p>En horas de la madrugada de este lunes la polic\u00eda tuvo que intervenir en un hecho delictivo donde sustrajeron herramientas de trabajo en una barber\u00eda. Seg\u00fan inform\u00f3 el parte policial de la comisar\u00eda local esta madrugada alrededor de las 2:30 hs tuvo que intervenir un m\u00f3vil policial en calle Pellegrini al 2500 donde se encuentra [&hellip;]<\/p>\n","protected":false},"author":4,"featured_media":77561,"comment_status":"closed","ping_status":"closed","sticky":false,"template":"","format":"standard","meta":{"om_disable_all_campaigns":false,"_jetpack_memberships_contains_paid_content":false,"footnotes":""},"categories":[2,103],"tags":[],"class_list":["post-101697","post","type-post","status-publish","format-standard","has-post-thumbnail","hentry","category-locales","category-policiales-locales"],"aioseo_notices":[],"gutentor_comment":0,"jetpack_featured_media_url":"https:\/\/eldiariodesanpedro.com.ar\/sitio\/wp-content\/uploads\/2020\/07\/20200709072134.jpg","jetpack_shortlink":"https:\/\/wp.me\/p6RhLt-qsh","jetpack_sharing_enabled":true,"_links":{"self":[{"href":"https:\/\/eldiariodesanpedro.com.ar\/sitio\/wp-json\/wp\/v2\/posts\/101697","targetHints":{"allow":["GET"]}}],"collection":[{"href":"https:\/\/eldiariodesanpedro.com.ar\/sitio\/wp-json\/wp\/v2\/posts"}],"about":[{"href":"https:\/\/eldiariodesanpedro.com.ar\/sitio\/wp-json\/wp\/v2\/types\/post"}],"author":[{"embeddable":true,"href":"https:\/\/eldiariodesanpedro.com.ar\/sitio\/wp-json\/wp\/v2\/users\/4"}],"replies":[{"embeddable":true,"href":"https:\/\/eldiariodesanpedro.com.ar\/sitio\/wp-json\/wp\/v2\/comments?post=101697"}],"version-history":[{"count":1,"href":"https:\/\/eldiariodesanpedro.com.ar\/sitio\/wp-json\/wp\/v2\/posts\/101697\/revisions"}],"predecessor-version":[{"id":101698,"href":"https:\/\/eldiariodesanpedro.com.ar\/sitio\/wp-json\/wp\/v2\/posts\/101697\/revisions\/101698"}],"wp:featuredmedia":[{"embeddable":true,"href":"https:\/\/eldiariodesanpedro.com.ar\/sitio\/wp-json\/wp\/v2\/media\/77561"}],"wp:attachment":[{"href":"https:\/\/eldiariodesanpedro.com.ar\/sitio\/wp-json\/wp\/v2\/media?parent=101697"}],"wp:term":[{"taxonomy":"category","embeddable":true,"href":"https:\/\/eldiariodesanpedro.com.ar\/sitio\/wp-json\/wp\/v2\/categories?post=101697"},{"taxonomy":"post_tag","embeddable":true,"href":"https:\/\/eldiariodesanpedro.com.ar\/sitio\/wp-json\/wp\/v2\/tags?post=101697"}],"curies":[{"name":"wp","href":"https:\/\/api.w.org\/{rel}","templated":true}]}}