{"id":101694,"date":"2021-11-29T12:00:40","date_gmt":"2021-11-29T15:00:40","guid":{"rendered":"https:\/\/eldiariodesanpedro.com.ar\/sitio\/?p=101694"},"modified":"2021-11-29T12:00:42","modified_gmt":"2021-11-29T15:00:42","slug":"vendio-su-automovil-fiat-duna-y-le-dieron-500-dolares-falsos","status":"publish","type":"post","link":"https:\/\/eldiariodesanpedro.com.ar\/sitio\/vendio-su-automovil-fiat-duna-y-le-dieron-500-dolares-falsos\/","title":{"rendered":"Vendio su automovil Fiat Duna y le dieron 500 dolares falsos"},"content":{"rendered":"<!-- VideographyWP Plugin Message: Automatic video embedding prevented by plugin options. -->\n\n<p>Este domingo un ciudadano de nuestra ciudad se acerc\u00f3 a la comisar\u00eda local para hacer una denuncia por una estafa que recibe al vender un autom\u00f3vil y los d\u00f3lares con lo que se efectu\u00f3 el intercambio eran falsos.<\/p>\n\n\n\n<p>En la jornada de ayer por la noche un ciudadano de 28 a\u00f1os de edad realiz\u00f3 la denuncia en la comisar\u00eda local de San Pedro por haber sido v\u00edctima de una estafa en la transacci\u00f3n de la venta de un autom\u00f3vil Fiat Duna Mod 94 recibiendo a cambio 500 d\u00f3lares los cuales resultaron ser falsos.<\/p>\n\n\n\n<p>La informaci\u00f3n fue difundida por el parte policial local y no da detalles de la cantidad de dinero como tampoco el autom\u00f3vil en cuesti\u00f3n.<\/p>\n","protected":false},"excerpt":{"rendered":"<p>Este domingo un ciudadano de nuestra ciudad se acerc\u00f3 a la comisar\u00eda local para hacer una denuncia por una estafa que recibe al vender un autom\u00f3vil y los d\u00f3lares con lo que se efectu\u00f3 el intercambio eran falsos. En la jornada de ayer por la noche un ciudadano de 28 a\u00f1os de edad realiz\u00f3 la [&hellip;]<\/p>\n","protected":false},"author":4,"featured_media":101695,"comment_status":"closed","ping_status":"closed","sticky":false,"template":"","format":"standard","meta":{"om_disable_all_campaigns":false,"_jetpack_memberships_contains_paid_content":false,"footnotes":""},"categories":[50,2,103],"tags":[],"class_list":["post-101694","post","type-post","status-publish","format-standard","has-post-thumbnail","hentry","category-destacadas","category-locales","category-policiales-locales"],"aioseo_notices":[],"gutentor_comment":0,"jetpack_featured_media_url":"https:\/\/eldiariodesanpedro.com.ar\/sitio\/wp-content\/uploads\/2021\/11\/0b9c3d21-1629461917-744.jpg","jetpack_shortlink":"https:\/\/wp.me\/p6RhLt-qse","jetpack_sharing_enabled":true,"_links":{"self":[{"href":"https:\/\/eldiariodesanpedro.com.ar\/sitio\/wp-json\/wp\/v2\/posts\/101694","targetHints":{"allow":["GET"]}}],"collection":[{"href":"https:\/\/eldiariodesanpedro.com.ar\/sitio\/wp-json\/wp\/v2\/posts"}],"about":[{"href":"https:\/\/eldiariodesanpedro.com.ar\/sitio\/wp-json\/wp\/v2\/types\/post"}],"author":[{"embeddable":true,"href":"https:\/\/eldiariodesanpedro.com.ar\/sitio\/wp-json\/wp\/v2\/users\/4"}],"replies":[{"embeddable":true,"href":"https:\/\/eldiariodesanpedro.com.ar\/sitio\/wp-json\/wp\/v2\/comments?post=101694"}],"version-history":[{"count":1,"href":"https:\/\/eldiariodesanpedro.com.ar\/sitio\/wp-json\/wp\/v2\/posts\/101694\/revisions"}],"predecessor-version":[{"id":101696,"href":"https:\/\/eldiariodesanpedro.com.ar\/sitio\/wp-json\/wp\/v2\/posts\/101694\/revisions\/101696"}],"wp:featuredmedia":[{"embeddable":true,"href":"https:\/\/eldiariodesanpedro.com.ar\/sitio\/wp-json\/wp\/v2\/media\/101695"}],"wp:attachment":[{"href":"https:\/\/eldiariodesanpedro.com.ar\/sitio\/wp-json\/wp\/v2\/media?parent=101694"}],"wp:term":[{"taxonomy":"category","embeddable":true,"href":"https:\/\/eldiariodesanpedro.com.ar\/sitio\/wp-json\/wp\/v2\/categories?post=101694"},{"taxonomy":"post_tag","embeddable":true,"href":"https:\/\/eldiariodesanpedro.com.ar\/sitio\/wp-json\/wp\/v2\/tags?post=101694"}],"curies":[{"name":"wp","href":"https:\/\/api.w.org\/{rel}","templated":true}]}}