{"id":101692,"date":"2021-11-29T11:30:13","date_gmt":"2021-11-29T14:30:13","guid":{"rendered":"https:\/\/eldiariodesanpedro.com.ar\/sitio\/?p=101692"},"modified":"2021-11-29T11:30:15","modified_gmt":"2021-11-29T14:30:15","slug":"este-domingo-por-la-noche-ocurrio-un-accidente-de-transito-entre-un-automovil-y-una-motocicleta-con-dos-jovenes-heridas","status":"publish","type":"post","link":"https:\/\/eldiariodesanpedro.com.ar\/sitio\/este-domingo-por-la-noche-ocurrio-un-accidente-de-transito-entre-un-automovil-y-una-motocicleta-con-dos-jovenes-heridas\/","title":{"rendered":"Este domingo por la noche ocurri\u00f3 un accidente de tr\u00e1nsito entre un autom\u00f3vil y una motocicleta con dos j\u00f3venes heridas"},"content":{"rendered":"<!-- VideographyWP Plugin Message: Automatic video embedding prevented by plugin options. -->\n\n<p>Este domingo alrededor de las 21 hs la polic\u00eda de nuestra ciudad tom\u00f3 conocimiento, en la intersecci\u00f3n de las calles Beaumont y Rivadavia, donde por razones tr\u00e1tese establecer colision\u00f3 autom\u00f3vil conducido por una mujer de 27 a\u00f1os, contra motocicleta 70 cc. guiada por otra mujer de 17 a\u00f1os y como acompa\u00f1ante otra joven de la misma edad, ambas ocupantes de motocicleta trasladadas por el SAME\u00a0 al nosocomio local, y tras chequeos correspondientes se \u00f9do determinar que presentaban heridas car\u00e1cter leve.<\/p>\n","protected":false},"excerpt":{"rendered":"<p>Este domingo alrededor de las 21 hs la polic\u00eda de nuestra ciudad tom\u00f3 conocimiento, en la intersecci\u00f3n de las calles Beaumont y Rivadavia, donde por razones tr\u00e1tese establecer colision\u00f3 autom\u00f3vil conducido por una mujer de 27 a\u00f1os, contra motocicleta 70 cc. guiada por otra mujer de 17 a\u00f1os y como acompa\u00f1ante otra joven de la [&hellip;]<\/p>\n","protected":false},"author":4,"featured_media":79647,"comment_status":"closed","ping_status":"closed","sticky":false,"template":"","format":"standard","meta":{"om_disable_all_campaigns":false,"_jetpack_memberships_contains_paid_content":false,"footnotes":""},"categories":[2,103],"tags":[],"class_list":["post-101692","post","type-post","status-publish","format-standard","has-post-thumbnail","hentry","category-locales","category-policiales-locales"],"aioseo_notices":[],"gutentor_comment":0,"jetpack_featured_media_url":"https:\/\/eldiariodesanpedro.com.ar\/sitio\/wp-content\/uploads\/2020\/08\/same.jpg","jetpack_shortlink":"https:\/\/wp.me\/p6RhLt-qsc","jetpack_sharing_enabled":true,"_links":{"self":[{"href":"https:\/\/eldiariodesanpedro.com.ar\/sitio\/wp-json\/wp\/v2\/posts\/101692","targetHints":{"allow":["GET"]}}],"collection":[{"href":"https:\/\/eldiariodesanpedro.com.ar\/sitio\/wp-json\/wp\/v2\/posts"}],"about":[{"href":"https:\/\/eldiariodesanpedro.com.ar\/sitio\/wp-json\/wp\/v2\/types\/post"}],"author":[{"embeddable":true,"href":"https:\/\/eldiariodesanpedro.com.ar\/sitio\/wp-json\/wp\/v2\/users\/4"}],"replies":[{"embeddable":true,"href":"https:\/\/eldiariodesanpedro.com.ar\/sitio\/wp-json\/wp\/v2\/comments?post=101692"}],"version-history":[{"count":1,"href":"https:\/\/eldiariodesanpedro.com.ar\/sitio\/wp-json\/wp\/v2\/posts\/101692\/revisions"}],"predecessor-version":[{"id":101693,"href":"https:\/\/eldiariodesanpedro.com.ar\/sitio\/wp-json\/wp\/v2\/posts\/101692\/revisions\/101693"}],"wp:featuredmedia":[{"embeddable":true,"href":"https:\/\/eldiariodesanpedro.com.ar\/sitio\/wp-json\/wp\/v2\/media\/79647"}],"wp:attachment":[{"href":"https:\/\/eldiariodesanpedro.com.ar\/sitio\/wp-json\/wp\/v2\/media?parent=101692"}],"wp:term":[{"taxonomy":"category","embeddable":true,"href":"https:\/\/eldiariodesanpedro.com.ar\/sitio\/wp-json\/wp\/v2\/categories?post=101692"},{"taxonomy":"post_tag","embeddable":true,"href":"https:\/\/eldiariodesanpedro.com.ar\/sitio\/wp-json\/wp\/v2\/tags?post=101692"}],"curies":[{"name":"wp","href":"https:\/\/api.w.org\/{rel}","templated":true}]}}