{"id":10169,"date":"2016-11-14T18:34:07","date_gmt":"2016-11-14T21:34:07","guid":{"rendered":"https:\/\/eldiariodesanpedro.com.ar\/sitio\/?p=10169"},"modified":"2016-11-14T18:34:07","modified_gmt":"2016-11-14T21:34:07","slug":"baradero-fiesta-del-primavera-2016-la-carroza-del-san-jose-fue-elegida-como-la-mejor","status":"publish","type":"post","link":"https:\/\/eldiariodesanpedro.com.ar\/sitio\/baradero-fiesta-del-primavera-2016-la-carroza-del-san-jose-fue-elegida-como-la-mejor\/","title":{"rendered":"BARADERO: Fiesta del Primavera 2016: La Carroza del San Jos\u00e9 fue elegida como la mejor"},"content":{"rendered":"<p><!-- VideographyWP Plugin Message: Automatic video embedding prevented by plugin options. --><br \/>\nUna hermosa noche ayud\u00f3 a que esta fiesta bien baraderense sea nuevamente un \u00e9xito de p\u00fablico. Una verdadera multitud se convoc\u00f3 en el centro de la ciudad para vivir la fiesta m\u00e1s popular de Baradero.<\/p>\n<p>Todo pueblo tiene una fiesta que lo identifica, que es parte de su cultura, ese festejo donde no hay diferencias sociales, donde los vecinos concurren con alegr\u00eda, repiti\u00e9ndose cada a\u00f1o casi de manera calcada y que solo aquellos quienes viven en esa tierra saben de su significado, porque en alg\u00fan momento, de alguna manera fueron parte de ella.<\/p>\n<p>Todo comenz\u00f3 a las 19.00 con el desfile de los representantes de los Jardines de Infantes y Escuelas Primarias. Con sus disfraces, colorido y el sonido de las batucaditas hicieron su pasaje, donde adem\u00e1s se eligi\u00f3 por sorteo el Rey y la Reina. Con alegr\u00eda y mucho esfuerzo de padres y docentes, los peque\u00f1os se lucieron d\u00e1ndole brillo al inicio de una extensa jornada.<\/p>\n<p>Los verdaderos protagonistas y hacedores de esta fiesta popular que convoca a m\u00e1s de 10.000 personas cada a\u00f1o alrededor de la plaza principal de la ciudad son los estudiantes de las escuelas secundarias, quienes desde hace varios meses vienen trabajando en la confecci\u00f3n de las carrozas y que anoche volvieron a demostrar su talento y creatividad.<\/p>\n<p>Cinco fueron las carrozas que se presentaron en la competencia, todas con muy buen nivel, donde se pudo observar c\u00f3mo mejoran cada a\u00f1o y agregan diferentes elementos complementarios que las hacen a\u00fan m\u00e1s interesantes, con tem\u00e1ticas que en su mayor\u00eda est\u00e1n relacionadas a nuestro pa\u00eds, destacando problem\u00e1ticas ambientales y reclamando un mundo mejor para todos.<\/p>\n","protected":false},"excerpt":{"rendered":"<p>Una hermosa noche ayud\u00f3 a que esta fiesta bien baraderense sea nuevamente un \u00e9xito de p\u00fablico. Una verdadera multitud se convoc\u00f3 en el centro de la ciudad para vivir la fiesta m\u00e1s popular de Baradero. Todo pueblo tiene una fiesta que lo identifica, que es parte de su cultura, ese festejo donde no hay diferencias [&hellip;]<\/p>\n","protected":false},"author":4,"featured_media":10170,"comment_status":"open","ping_status":"closed","sticky":false,"template":"","format":"standard","meta":{"om_disable_all_campaigns":false,"_jetpack_memberships_contains_paid_content":false,"footnotes":""},"categories":[621],"tags":[],"class_list":["post-10169","post","type-post","status-publish","format-standard","has-post-thumbnail","hentry","category-regionales"],"aioseo_notices":[],"gutentor_comment":0,"jetpack_featured_media_url":"https:\/\/eldiariodesanpedro.com.ar\/sitio\/wp-content\/uploads\/2016\/11\/PAGINA-6-7.jpg","jetpack_shortlink":"https:\/\/wp.me\/p6RhLt-2E1","jetpack_sharing_enabled":true,"_links":{"self":[{"href":"https:\/\/eldiariodesanpedro.com.ar\/sitio\/wp-json\/wp\/v2\/posts\/10169","targetHints":{"allow":["GET"]}}],"collection":[{"href":"https:\/\/eldiariodesanpedro.com.ar\/sitio\/wp-json\/wp\/v2\/posts"}],"about":[{"href":"https:\/\/eldiariodesanpedro.com.ar\/sitio\/wp-json\/wp\/v2\/types\/post"}],"author":[{"embeddable":true,"href":"https:\/\/eldiariodesanpedro.com.ar\/sitio\/wp-json\/wp\/v2\/users\/4"}],"replies":[{"embeddable":true,"href":"https:\/\/eldiariodesanpedro.com.ar\/sitio\/wp-json\/wp\/v2\/comments?post=10169"}],"version-history":[{"count":1,"href":"https:\/\/eldiariodesanpedro.com.ar\/sitio\/wp-json\/wp\/v2\/posts\/10169\/revisions"}],"predecessor-version":[{"id":10171,"href":"https:\/\/eldiariodesanpedro.com.ar\/sitio\/wp-json\/wp\/v2\/posts\/10169\/revisions\/10171"}],"wp:featuredmedia":[{"embeddable":true,"href":"https:\/\/eldiariodesanpedro.com.ar\/sitio\/wp-json\/wp\/v2\/media\/10170"}],"wp:attachment":[{"href":"https:\/\/eldiariodesanpedro.com.ar\/sitio\/wp-json\/wp\/v2\/media?parent=10169"}],"wp:term":[{"taxonomy":"category","embeddable":true,"href":"https:\/\/eldiariodesanpedro.com.ar\/sitio\/wp-json\/wp\/v2\/categories?post=10169"},{"taxonomy":"post_tag","embeddable":true,"href":"https:\/\/eldiariodesanpedro.com.ar\/sitio\/wp-json\/wp\/v2\/tags?post=10169"}],"curies":[{"name":"wp","href":"https:\/\/api.w.org\/{rel}","templated":true}]}}