{"id":101685,"date":"2021-11-29T10:56:32","date_gmt":"2021-11-29T13:56:32","guid":{"rendered":"https:\/\/eldiariodesanpedro.com.ar\/sitio\/?p=101685"},"modified":"2021-11-29T10:56:34","modified_gmt":"2021-11-29T13:56:34","slug":"denuncio-que-una-camioneta-lo-choco-y-se-dio-a-la-fuga","status":"publish","type":"post","link":"https:\/\/eldiariodesanpedro.com.ar\/sitio\/denuncio-que-una-camioneta-lo-choco-y-se-dio-a-la-fuga\/","title":{"rendered":"Denunci\u00f3 que una camioneta lo choc\u00f3 y se dio a la fuga"},"content":{"rendered":"<!-- VideographyWP Plugin Message: Automatic video embedding prevented by plugin options. -->\n\n<p>Este domingo alrededor de las&nbsp; 10 hs se recibi\u00f3 la denuncia telef\u00f3nica por parte de un joven de 19 a\u00f1os que ese mismo d\u00eda promediando las 05 hs circunstancias que circulaba a bordo de motocicleta&nbsp; 110 cc colision\u00f3 en Av. Sarmiento y Libertad con camioneta color blanca la cual se da a la fuga del lugar del hecho.&nbsp;&nbsp;<\/p>\n\n\n\n<p>Luego el denunciante se dirige hacia el hospital por sus medios, lesiones de car\u00e1cter leve. Se procura individualizar al imputado.<\/p>\n","protected":false},"excerpt":{"rendered":"<p>Este domingo alrededor de las&nbsp; 10 hs se recibi\u00f3 la denuncia telef\u00f3nica por parte de un joven de 19 a\u00f1os que ese mismo d\u00eda promediando las 05 hs circunstancias que circulaba a bordo de motocicleta&nbsp; 110 cc colision\u00f3 en Av. Sarmiento y Libertad con camioneta color blanca la cual se da a la fuga del [&hellip;]<\/p>\n","protected":false},"author":4,"featured_media":77860,"comment_status":"closed","ping_status":"closed","sticky":false,"template":"","format":"standard","meta":{"om_disable_all_campaigns":false,"_jetpack_memberships_contains_paid_content":false,"footnotes":""},"categories":[50,2,103],"tags":[],"class_list":["post-101685","post","type-post","status-publish","format-standard","has-post-thumbnail","hentry","category-destacadas","category-locales","category-policiales-locales"],"aioseo_notices":[],"gutentor_comment":0,"jetpack_featured_media_url":"https:\/\/eldiariodesanpedro.com.ar\/sitio\/wp-content\/uploads\/2020\/07\/000085506.jpg","jetpack_shortlink":"https:\/\/wp.me\/p6RhLt-qs5","jetpack_sharing_enabled":true,"_links":{"self":[{"href":"https:\/\/eldiariodesanpedro.com.ar\/sitio\/wp-json\/wp\/v2\/posts\/101685","targetHints":{"allow":["GET"]}}],"collection":[{"href":"https:\/\/eldiariodesanpedro.com.ar\/sitio\/wp-json\/wp\/v2\/posts"}],"about":[{"href":"https:\/\/eldiariodesanpedro.com.ar\/sitio\/wp-json\/wp\/v2\/types\/post"}],"author":[{"embeddable":true,"href":"https:\/\/eldiariodesanpedro.com.ar\/sitio\/wp-json\/wp\/v2\/users\/4"}],"replies":[{"embeddable":true,"href":"https:\/\/eldiariodesanpedro.com.ar\/sitio\/wp-json\/wp\/v2\/comments?post=101685"}],"version-history":[{"count":1,"href":"https:\/\/eldiariodesanpedro.com.ar\/sitio\/wp-json\/wp\/v2\/posts\/101685\/revisions"}],"predecessor-version":[{"id":101686,"href":"https:\/\/eldiariodesanpedro.com.ar\/sitio\/wp-json\/wp\/v2\/posts\/101685\/revisions\/101686"}],"wp:featuredmedia":[{"embeddable":true,"href":"https:\/\/eldiariodesanpedro.com.ar\/sitio\/wp-json\/wp\/v2\/media\/77860"}],"wp:attachment":[{"href":"https:\/\/eldiariodesanpedro.com.ar\/sitio\/wp-json\/wp\/v2\/media?parent=101685"}],"wp:term":[{"taxonomy":"category","embeddable":true,"href":"https:\/\/eldiariodesanpedro.com.ar\/sitio\/wp-json\/wp\/v2\/categories?post=101685"},{"taxonomy":"post_tag","embeddable":true,"href":"https:\/\/eldiariodesanpedro.com.ar\/sitio\/wp-json\/wp\/v2\/tags?post=101685"}],"curies":[{"name":"wp","href":"https:\/\/api.w.org\/{rel}","templated":true}]}}