{"id":101681,"date":"2021-11-29T10:01:59","date_gmt":"2021-11-29T13:01:59","guid":{"rendered":"https:\/\/eldiariodesanpedro.com.ar\/sitio\/?p=101681"},"modified":"2021-11-29T10:02:01","modified_gmt":"2021-11-29T13:02:01","slug":"espectacular-presentacion-de-fatima-florez-en-winn","status":"publish","type":"post","link":"https:\/\/eldiariodesanpedro.com.ar\/sitio\/espectacular-presentacion-de-fatima-florez-en-winn\/","title":{"rendered":"Espectacular presentaci\u00f3n de F\u00e1tima Florez en Winn"},"content":{"rendered":"<!-- VideographyWP Plugin Message: Automatic video embedding prevented by plugin options. -->\n\n<p>La imitadora present\u00f3 su show el viernes ante el p\u00fablico sampedrino. Fue en el marco de la apertura de espect\u00e1culos art\u00edsticos del pintoresco y c\u00f3mo sal\u00f3n de eventos.<\/p>\n\n\n\n<p>La humorista e imitadora F\u00e1tima Flores se present\u00f3 por primera vez en San Pedro el viernes en un show de alt\u00edsimo nivel que se desarroll\u00f3 en el flamante sal\u00f3n de eventos Winn.<\/p>\n\n\n\n<p>A sala llena y con un espect\u00e1culo impecable la artista ofreci\u00f3 un unipersonal con las imitaciones m\u00e1s exitosas como las de Moria Casan, Mirtha Legrand y Cristina Fern\u00e1ndez de Kirchner, entre otras, adem\u00e1s de interactuar con el p\u00fablico y ofrecer un show musical con un repertorio impecable.<\/p>\n\n\n\n<p>La presentaci\u00f3n de F\u00e1tima Florez estuvo acompa\u00f1ada por la actuaci\u00f3n del humorista Nazareno Mottola, quien a modo de anfitri\u00f3n entretuvo a la concurrencia con sus chistes y acrobacias m\u00e1s disparatadas.<\/p>\n\n\n\n<figure class=\"wp-block-image size-large\"><img decoding=\"async\" width=\"1024\" height=\"576\" data-attachment-id=\"101682\" data-permalink=\"https:\/\/eldiariodesanpedro.com.ar\/sitio\/espectacular-presentacion-de-fatima-florez-en-winn\/0000020525-resized-1920x1080\/\" data-orig-file=\"https:\/\/eldiariodesanpedro.com.ar\/sitio\/wp-content\/uploads\/2021\/11\/0000020525-resized-1920x1080-1.jpeg\" data-orig-size=\"1120,630\" data-comments-opened=\"0\" data-image-meta=\"{&quot;aperture&quot;:&quot;0&quot;,&quot;credit&quot;:&quot;&quot;,&quot;camera&quot;:&quot;&quot;,&quot;caption&quot;:&quot;&quot;,&quot;created_timestamp&quot;:&quot;0&quot;,&quot;copyright&quot;:&quot;&quot;,&quot;focal_length&quot;:&quot;0&quot;,&quot;iso&quot;:&quot;0&quot;,&quot;shutter_speed&quot;:&quot;0&quot;,&quot;title&quot;:&quot;&quot;,&quot;orientation&quot;:&quot;0&quot;}\" data-image-title=\"0000020525-resized-1920&amp;#215;1080\" data-image-description=\"\" data-image-caption=\"\" data-large-file=\"https:\/\/eldiariodesanpedro.com.ar\/sitio\/wp-content\/uploads\/2021\/11\/0000020525-resized-1920x1080-1-1024x576.jpeg\" data-src=\"https:\/\/eldiariodesanpedro.com.ar\/sitio\/wp-content\/uploads\/2021\/11\/0000020525-resized-1920x1080-1-1024x576.jpeg\" alt=\"\" class=\"wp-image-101682 lazyload\" data-srcset=\"https:\/\/eldiariodesanpedro.com.ar\/sitio\/wp-content\/uploads\/2021\/11\/0000020525-resized-1920x1080-1-1024x576.jpeg 1024w, https:\/\/eldiariodesanpedro.com.ar\/sitio\/wp-content\/uploads\/2021\/11\/0000020525-resized-1920x1080-1-300x169.jpeg 300w, https:\/\/eldiariodesanpedro.com.ar\/sitio\/wp-content\/uploads\/2021\/11\/0000020525-resized-1920x1080-1-768x432.jpeg 768w, https:\/\/eldiariodesanpedro.com.ar\/sitio\/wp-content\/uploads\/2021\/11\/0000020525-resized-1920x1080-1-800x450.jpeg 800w, https:\/\/eldiariodesanpedro.com.ar\/sitio\/wp-content\/uploads\/2021\/11\/0000020525-resized-1920x1080-1.jpeg 1120w\" data-sizes=\"(max-width: 1024px) 100vw, 1024px\" src=\"data:image\/svg+xml;base64,PHN2ZyB3aWR0aD0iMSIgaGVpZ2h0PSIxIiB4bWxucz0iaHR0cDovL3d3dy53My5vcmcvMjAwMC9zdmciPjwvc3ZnPg==\" style=\"--smush-placeholder-width: 1024px; --smush-placeholder-aspect-ratio: 1024\/576;\" \/><\/figure>\n","protected":false},"excerpt":{"rendered":"<p>La imitadora present\u00f3 su show el viernes ante el p\u00fablico sampedrino. Fue en el marco de la apertura de espect\u00e1culos art\u00edsticos del pintoresco y c\u00f3mo sal\u00f3n de eventos. La humorista e imitadora F\u00e1tima Flores se present\u00f3 por primera vez en San Pedro el viernes en un show de alt\u00edsimo nivel que se desarroll\u00f3 en el [&hellip;]<\/p>\n","protected":false},"author":4,"featured_media":101683,"comment_status":"closed","ping_status":"closed","sticky":false,"template":"","format":"standard","meta":{"om_disable_all_campaigns":false,"_jetpack_memberships_contains_paid_content":false,"footnotes":""},"categories":[50,101,2],"tags":[],"class_list":["post-101681","post","type-post","status-publish","format-standard","has-post-thumbnail","hentry","category-destacadas","category-interes-general-locales","category-locales"],"aioseo_notices":[],"gutentor_comment":0,"jetpack_featured_media_url":"https:\/\/eldiariodesanpedro.com.ar\/sitio\/wp-content\/uploads\/2021\/11\/descarga.jpg","jetpack_shortlink":"https:\/\/wp.me\/p6RhLt-qs1","jetpack_sharing_enabled":true,"_links":{"self":[{"href":"https:\/\/eldiariodesanpedro.com.ar\/sitio\/wp-json\/wp\/v2\/posts\/101681","targetHints":{"allow":["GET"]}}],"collection":[{"href":"https:\/\/eldiariodesanpedro.com.ar\/sitio\/wp-json\/wp\/v2\/posts"}],"about":[{"href":"https:\/\/eldiariodesanpedro.com.ar\/sitio\/wp-json\/wp\/v2\/types\/post"}],"author":[{"embeddable":true,"href":"https:\/\/eldiariodesanpedro.com.ar\/sitio\/wp-json\/wp\/v2\/users\/4"}],"replies":[{"embeddable":true,"href":"https:\/\/eldiariodesanpedro.com.ar\/sitio\/wp-json\/wp\/v2\/comments?post=101681"}],"version-history":[{"count":1,"href":"https:\/\/eldiariodesanpedro.com.ar\/sitio\/wp-json\/wp\/v2\/posts\/101681\/revisions"}],"predecessor-version":[{"id":101684,"href":"https:\/\/eldiariodesanpedro.com.ar\/sitio\/wp-json\/wp\/v2\/posts\/101681\/revisions\/101684"}],"wp:featuredmedia":[{"embeddable":true,"href":"https:\/\/eldiariodesanpedro.com.ar\/sitio\/wp-json\/wp\/v2\/media\/101683"}],"wp:attachment":[{"href":"https:\/\/eldiariodesanpedro.com.ar\/sitio\/wp-json\/wp\/v2\/media?parent=101681"}],"wp:term":[{"taxonomy":"category","embeddable":true,"href":"https:\/\/eldiariodesanpedro.com.ar\/sitio\/wp-json\/wp\/v2\/categories?post=101681"},{"taxonomy":"post_tag","embeddable":true,"href":"https:\/\/eldiariodesanpedro.com.ar\/sitio\/wp-json\/wp\/v2\/tags?post=101681"}],"curies":[{"name":"wp","href":"https:\/\/api.w.org\/{rel}","templated":true}]}}